{"id":39935,"date":"2023-02-12T08:57:36","date_gmt":"2023-02-12T11:57:36","guid":{"rendered":"https:\/\/corrientesdetarde.com\/?p=39935"},"modified":"2023-02-12T08:57:38","modified_gmt":"2023-02-12T11:57:38","slug":"conmocion-por-la-muerte-de-un-bombero-de-la-policia-en-un-cuartel-investigan-el-caso","status":"publish","type":"post","link":"https:\/\/corrientesdetarde.com\/index.php\/crimen-y-justicia\/conmocion-por-la-muerte-de-un-bombero-de-la-policia-en-un-cuartel-investigan-el-caso\/","title":{"rendered":"Conmoci\u00f3n por la muerte de un Bombero de la Polic\u00eda en un cuartel: investigan el caso"},"content":{"rendered":"\n<p>Ocurri\u00f3 esta ma\u00f1ana en el Cuartel IV ubicado en el Barrio Madariaga.<\/p>\n\n\n\n<p>Este s\u00e1bado por la ma\u00f1ana se produjo el&nbsp; lamentable deceso de un Suboficial Bombero de la Polic\u00eda Corrientes, Sargento de apellido Meza -32-, quien por causas y circunstancias que se tratan de establecer, habr\u00eda sufrido un accidente cuando se encontraba realizando relevo de guardia y verificando una de las unidades \u2013autobomba-, y a pesar de ser auxiliado y trasladado de urgencia al Hospital Llano, lamentablemente se produjo su deceso.<\/p>\n\n\n\n<p>Conforme a la informaci\u00f3n inicial, el hecho se habr\u00eda producido pasadas las 08.00horas, en el Cuartel N\u00b0IV ubicado en el barrio Madariaga de nuestra ciudad, lugar donde seg\u00fan las primeras averiguaciones efectuadas, el citado suboficial aparentemente en circunstancias en que se encontraba junto a otro efectivo recibiendo la guardia, en momentos en que realizaban y verificaban uno de los veh\u00edculos estacionados -autobomba- y en una maniobra que es objeto de investigaci\u00f3n, presumiblemente al poner en marcha para la verificaci\u00f3n de su funcionamiento, se habr\u00eda corrido para atr\u00e1s, embistiendo de manera accidental contra una pared al Sargento Meza que se encontraba detr\u00e1s del veh\u00edculo, desconoci\u00e9ndose a\u00fan como se origin\u00f3 el movimiento del veh\u00edculo, siendo objeto de Investigaci\u00f3n actualmente, al igual que otros detalles y pormenores del hecho.<\/p>\n\n\n\n<p>Posteriormente y con premura del caso, el suboficial lesionado hab\u00eda sido auxiliado y trasladado de urgencia al Hospital Llano de esta ciudad, pero lamentablemente se produjo su deceso debido a las graves lesiones sufridas.<\/p>\n\n\n\n<p>Al respecto se dio intervenci\u00f3n a la Unidad Fiscal de Investigaciones en turno, a fin de iniciar la causa judicial que corresponda, en tanto que separadamente desde la Instituci\u00f3n se dispuso el inicio de actuaciones administrativas con la finalidad de determinar la circunstancia del hecho. La Comisaria Quinta Urbana se encontraba realizando las primeras diligencias.<\/p>\n\n\n\n<p>Profundo pesar en la fuerza policial a ra\u00edz de esta lamentable situaci\u00f3n sucedida y por el fallecimiento del Sargento -Bombero- Nelson Daniel Meza.<\/p>\n","protected":false},"excerpt":{"rendered":"<p>Ocurri\u00f3 esta ma\u00f1ana en el Cuartel IV ubicado en el Barrio Madariaga. Este s\u00e1bado por la ma\u00f1ana se produjo el&nbsp; lamentable deceso de un Suboficial Bombero de la Polic\u00eda Corrientes,&hellip; <\/p>\n","protected":false},"author":4,"featured_media":39936,"comment_status":"closed","ping_status":"open","sticky":false,"template":"","format":"standard","meta":{"footnotes":""},"categories":[5],"tags":[],"class_list":["post-39935","post","type-post","status-publish","format-standard","has-post-thumbnail","hentry","category-crimen-y-justicia"],"_links":{"self":[{"href":"https:\/\/corrientesdetarde.com\/index.php\/wp-json\/wp\/v2\/posts\/39935","targetHints":{"allow":["GET"]}}],"collection":[{"href":"https:\/\/corrientesdetarde.com\/index.php\/wp-json\/wp\/v2\/posts"}],"about":[{"href":"https:\/\/corrientesdetarde.com\/index.php\/wp-json\/wp\/v2\/types\/post"}],"author":[{"embeddable":true,"href":"https:\/\/corrientesdetarde.com\/index.php\/wp-json\/wp\/v2\/users\/4"}],"replies":[{"embeddable":true,"href":"https:\/\/corrientesdetarde.com\/index.php\/wp-json\/wp\/v2\/comments?post=39935"}],"version-history":[{"count":1,"href":"https:\/\/corrientesdetarde.com\/index.php\/wp-json\/wp\/v2\/posts\/39935\/revisions"}],"predecessor-version":[{"id":39937,"href":"https:\/\/corrientesdetarde.com\/index.php\/wp-json\/wp\/v2\/posts\/39935\/revisions\/39937"}],"wp:featuredmedia":[{"embeddable":true,"href":"https:\/\/corrientesdetarde.com\/index.php\/wp-json\/wp\/v2\/media\/39936"}],"wp:attachment":[{"href":"https:\/\/corrientesdetarde.com\/index.php\/wp-json\/wp\/v2\/media?parent=39935"}],"wp:term":[{"taxonomy":"category","embeddable":true,"href":"https:\/\/corrientesdetarde.com\/index.php\/wp-json\/wp\/v2\/categories?post=39935"},{"taxonomy":"post_tag","embeddable":true,"href":"https:\/\/corrientesdetarde.com\/index.php\/wp-json\/wp\/v2\/tags?post=39935"}],"curies":[{"name":"wp","href":"https:\/\/api.w.org\/{rel}","templated":true}]}}