{"id":39947,"date":"2023-02-12T09:38:00","date_gmt":"2023-02-12T12:38:00","guid":{"rendered":"https:\/\/corrientesdetarde.com\/?p=39947"},"modified":"2023-02-12T09:38:04","modified_gmt":"2023-02-12T12:38:04","slug":"lautaro-martinez-y-agustina-gandolfo-anunciaron-que-seran-padres-por-segunda-vez","status":"publish","type":"post","link":"https:\/\/corrientesdetarde.com\/index.php\/deportes\/lautaro-martinez-y-agustina-gandolfo-anunciaron-que-seran-padres-por-segunda-vez\/","title":{"rendered":"Lautaro Mart\u00ednez y Agustina Gandolfo anunciaron que ser\u00e1n padres por segunda vez"},"content":{"rendered":"\n<p>La pareja comparti\u00f3 una tierna imagen junto a su hija, Nina, para informar que pronto habr\u00e1 alguien m\u00e1s en la familia.<\/p>\n\n\n\n<p>Lautaro Mart\u00ednez y Agustina Gangolfo comunicaron este s\u00e1bado que la joven est\u00e1 embarazada nuevamente y que por lo tanto se en algunos meses ser\u00e1n cuatro los integrantes de la familia. El futbolista del Inter de Milan, campe\u00f3n con la selecci\u00f3n argentina del Mundial de Qatar comparti\u00f3 una fotograf\u00eda en Instagram para contarle a sus seguidores la noticia.<\/p>\n\n\n\n<p>&#8220;Nuestra familia se agranda y no podemos estar m\u00e1s felices. No vemos la hora de tener otra personita que ilumine nuestros d\u00edas y le de m\u00e1s alegr\u00eda a nuestro hogar. Son m\u00e1s de lo que alguna vez so\u00f1\u00e9. los Amo para siempre&#8221;, escribi\u00f3 el goleador que en 2021 fue padre de Nina.<\/p>\n\n\n\n<p>\u00c9l y Gandolfo compartieron la misma imagen en sus cuentas de redes sociales: ambos tomados de la mano, junto a su hija y con la radiograf\u00eda del embarazo. Adem\u00e1s, la mujer public\u00f3 en sus historias una imagen de su abdomen y brome\u00f3: &#8220;Ahora puedo subir historias sin meter panza&#8221;. Tambi\u00e9n se mostr\u00f3 molesta porque hace algunas semanas ya se hab\u00eda filtrado la noticia en algunos portales italianos y culp\u00f3 de esto a los m\u00e9dicos.<\/p>\n\n\n\n<p>El futbolista y la joven de 26 a\u00f1os se conocieron en 2018, cuando Mart\u00ednez ya luc\u00eda la camiseta del Inter de Milan. Seg\u00fan se\u00f1alan varios portales de la far\u00e1ndula, quien los present\u00f3 habr\u00eda sido Wanda Nara, esposa de Mauro Icardi, jugador que por entonces formaba parte del plantel del conjunto italiano. Al confirmar la relaci\u00f3n, la estudiante de administraci\u00f3n de empresas abandon\u00f3 sus estudios y se mud\u00f3 a Mil\u00e1n para acompa\u00f1ar a su pareja. La blonda lo ha acompa\u00f1ado tambi\u00e9n a Brasil en 2019 para la Copa Am\u00e9rica y a Qatar.<\/p>\n\n\n\n<p>El a\u00f1o 2023 de Lautaro Mart\u00ednez ha iniciado de manera espectacular, despu\u00e9s de la conquista con la selecci\u00f3n argentina. Con Inter lleva 7 goles y 1 asistencia en 9 partidos, adem\u00e1s de haber marcado uno en la conquista de la Supercopa de Italia ante Milan.<\/p>\n\n\n\n<p>Ahora, a las buenas noticias en lo profesional se suman grandes novedades en lo personal para el ex Racing y la pr\u00f3xima noticia a conocer ser\u00e1 el sexo del beb\u00e9. Pero, para eso a\u00fan hay tiempo.<\/p>\n","protected":false},"excerpt":{"rendered":"<p>La pareja comparti\u00f3 una tierna imagen junto a su hija, Nina, para informar que pronto habr\u00e1 alguien m\u00e1s en la familia. Lautaro Mart\u00ednez y Agustina Gangolfo comunicaron este s\u00e1bado que&hellip; <\/p>\n","protected":false},"author":4,"featured_media":39948,"comment_status":"closed","ping_status":"open","sticky":false,"template":"","format":"standard","meta":{"footnotes":""},"categories":[4],"tags":[],"class_list":["post-39947","post","type-post","status-publish","format-standard","has-post-thumbnail","hentry","category-deportes"],"_links":{"self":[{"href":"https:\/\/corrientesdetarde.com\/index.php\/wp-json\/wp\/v2\/posts\/39947","targetHints":{"allow":["GET"]}}],"collection":[{"href":"https:\/\/corrientesdetarde.com\/index.php\/wp-json\/wp\/v2\/posts"}],"about":[{"href":"https:\/\/corrientesdetarde.com\/index.php\/wp-json\/wp\/v2\/types\/post"}],"author":[{"embeddable":true,"href":"https:\/\/corrientesdetarde.com\/index.php\/wp-json\/wp\/v2\/users\/4"}],"replies":[{"embeddable":true,"href":"https:\/\/corrientesdetarde.com\/index.php\/wp-json\/wp\/v2\/comments?post=39947"}],"version-history":[{"count":1,"href":"https:\/\/corrientesdetarde.com\/index.php\/wp-json\/wp\/v2\/posts\/39947\/revisions"}],"predecessor-version":[{"id":39949,"href":"https:\/\/corrientesdetarde.com\/index.php\/wp-json\/wp\/v2\/posts\/39947\/revisions\/39949"}],"wp:featuredmedia":[{"embeddable":true,"href":"https:\/\/corrientesdetarde.com\/index.php\/wp-json\/wp\/v2\/media\/39948"}],"wp:attachment":[{"href":"https:\/\/corrientesdetarde.com\/index.php\/wp-json\/wp\/v2\/media?parent=39947"}],"wp:term":[{"taxonomy":"category","embeddable":true,"href":"https:\/\/corrientesdetarde.com\/index.php\/wp-json\/wp\/v2\/categories?post=39947"},{"taxonomy":"post_tag","embeddable":true,"href":"https:\/\/corrientesdetarde.com\/index.php\/wp-json\/wp\/v2\/tags?post=39947"}],"curies":[{"name":"wp","href":"https:\/\/api.w.org\/{rel}","templated":true}]}}