{"id":39960,"date":"2023-02-12T10:41:00","date_gmt":"2023-02-12T13:41:00","guid":{"rendered":"https:\/\/corrientesdetarde.com\/?p=39960"},"modified":"2023-02-12T10:41:03","modified_gmt":"2023-02-12T13:41:03","slug":"como-estara-el-tiempo-este-domingo-en-corrientes-3","status":"publish","type":"post","link":"https:\/\/corrientesdetarde.com\/index.php\/clima\/como-estara-el-tiempo-este-domingo-en-corrientes-3\/","title":{"rendered":"C\u00f3mo estar\u00e1 el tiempo este domingo en CorrienteS"},"content":{"rendered":"\n<p>Seg\u00fan el Servicio Meteorol\u00f3gico Nacional, para esta jornada se espera una temperatura m\u00ednima de 29\u00b0 y una m\u00e1xima de 38\u00b0.&nbsp;<\/p>\n\n\n\n<p>Por la ma\u00f1ana la temperatura m\u00e1xima alcanzar\u00e1 los 29\u00b0 con cielo soleado. &nbsp;Por la tarde llegar\u00eda a los 38\u00b0C y por la noche descender\u00e1 a los 32\u00b0C con cielo parcialmente despejado.<\/p>\n","protected":false},"excerpt":{"rendered":"<p>Seg\u00fan el Servicio Meteorol\u00f3gico Nacional, para esta jornada se espera una temperatura m\u00ednima de 29\u00b0 y una m\u00e1xima de 38\u00b0.&nbsp; Por la ma\u00f1ana la temperatura m\u00e1xima alcanzar\u00e1 los 29\u00b0 con&hellip; <\/p>\n","protected":false},"author":4,"featured_media":39961,"comment_status":"closed","ping_status":"open","sticky":false,"template":"","format":"standard","meta":{"footnotes":""},"categories":[29],"tags":[],"class_list":["post-39960","post","type-post","status-publish","format-standard","has-post-thumbnail","hentry","category-clima"],"_links":{"self":[{"href":"https:\/\/corrientesdetarde.com\/index.php\/wp-json\/wp\/v2\/posts\/39960","targetHints":{"allow":["GET"]}}],"collection":[{"href":"https:\/\/corrientesdetarde.com\/index.php\/wp-json\/wp\/v2\/posts"}],"about":[{"href":"https:\/\/corrientesdetarde.com\/index.php\/wp-json\/wp\/v2\/types\/post"}],"author":[{"embeddable":true,"href":"https:\/\/corrientesdetarde.com\/index.php\/wp-json\/wp\/v2\/users\/4"}],"replies":[{"embeddable":true,"href":"https:\/\/corrientesdetarde.com\/index.php\/wp-json\/wp\/v2\/comments?post=39960"}],"version-history":[{"count":1,"href":"https:\/\/corrientesdetarde.com\/index.php\/wp-json\/wp\/v2\/posts\/39960\/revisions"}],"predecessor-version":[{"id":39962,"href":"https:\/\/corrientesdetarde.com\/index.php\/wp-json\/wp\/v2\/posts\/39960\/revisions\/39962"}],"wp:featuredmedia":[{"embeddable":true,"href":"https:\/\/corrientesdetarde.com\/index.php\/wp-json\/wp\/v2\/media\/39961"}],"wp:attachment":[{"href":"https:\/\/corrientesdetarde.com\/index.php\/wp-json\/wp\/v2\/media?parent=39960"}],"wp:term":[{"taxonomy":"category","embeddable":true,"href":"https:\/\/corrientesdetarde.com\/index.php\/wp-json\/wp\/v2\/categories?post=39960"},{"taxonomy":"post_tag","embeddable":true,"href":"https:\/\/corrientesdetarde.com\/index.php\/wp-json\/wp\/v2\/tags?post=39960"}],"curies":[{"name":"wp","href":"https:\/\/api.w.org\/{rel}","templated":true}]}}