{"id":40360,"date":"2023-02-13T21:49:12","date_gmt":"2023-02-14T00:49:12","guid":{"rendered":"https:\/\/corrientesdetarde.com\/?p=40360"},"modified":"2023-02-13T21:49:19","modified_gmt":"2023-02-14T00:49:19","slug":"intensa-busqueda-de-un-motoquero-correntino-que-desaparecio-en-un-viaje-a-bolivia","status":"publish","type":"post","link":"https:\/\/corrientesdetarde.com\/index.php\/sociales\/intensa-busqueda-de-un-motoquero-correntino-que-desaparecio-en-un-viaje-a-bolivia\/","title":{"rendered":"Intensa b\u00fasqueda de un motoquero correntino que desapareci\u00f3 en un viaje a Bolivia"},"content":{"rendered":"\n<p>Buscan intensamente a un joven correntino que &nbsp;viaj\u00f3 en moto a Bolivia y hasta el momento no aparece, &nbsp;informaron este lunes personas cercanas al hombre.&nbsp;<\/p>\n\n\n\n<p>Se trata de &nbsp;Daniel Sampallo, &nbsp;quien es integrante de Los Yaguaretes MG &nbsp;de Corrientes, grupo que comenz\u00f3 al b\u00fasqueda y viraliz\u00f3 la informaci\u00f3n por redes sociales.&nbsp;<\/p>\n\n\n\n<p>De acuerdo a los datos brindados, &nbsp;Sampallo lleg\u00f3 el pasado 5 de febrero a Santa Cruz, Bolivia, &nbsp;donde coment\u00f3 que estaba desayunando en una casa.&nbsp;<\/p>\n\n\n\n<p>El mensaje fue emitido a las 9.45 de ese d\u00eda y desde ese entonces no se tuvo m\u00e1s noticias de \u00e9l.&nbsp;<\/p>\n\n\n\n<p>El presidente de Los Yaguaret\u00e9s, Gustavo Acevedo, confirm\u00f3 que por &nbsp;el momento no se tienen novedades del paradero de Sampallo.&nbsp;<\/p>\n\n\n\n<p>El motoviajero circulaba en una Zanella de color negro, dominio A092 OGE y utilizaba un casco amarillo.<\/p>\n\n\n\n<p>Ante cualquier novedad est\u00e1 disponible el n\u00famero 3795113005.<\/p>\n\n\n\n<p><strong>GENTILEZA: DIARIO EL LITORAL<\/strong>&nbsp;<\/p>\n\n\n\n<figure class=\"wp-block-image is-resized\"><img loading=\"lazy\" decoding=\"async\" src=\"https:\/\/www.radiodos.com.ar\/content\/bucket\/4\/188384w770h1253c.jpg.webp\" alt=\"\" width=\"561\" height=\"913\"\/><\/figure>\n","protected":false},"excerpt":{"rendered":"<p>Buscan intensamente a un joven correntino que &nbsp;viaj\u00f3 en moto a Bolivia y hasta el momento no aparece, &nbsp;informaron este lunes personas cercanas al hombre.&nbsp; Se trata de &nbsp;Daniel Sampallo,&hellip; <\/p>\n","protected":false},"author":1,"featured_media":40365,"comment_status":"closed","ping_status":"open","sticky":false,"template":"","format":"standard","meta":{"footnotes":""},"categories":[17],"tags":[],"class_list":["post-40360","post","type-post","status-publish","format-standard","has-post-thumbnail","hentry","category-sociales"],"_links":{"self":[{"href":"https:\/\/corrientesdetarde.com\/index.php\/wp-json\/wp\/v2\/posts\/40360","targetHints":{"allow":["GET"]}}],"collection":[{"href":"https:\/\/corrientesdetarde.com\/index.php\/wp-json\/wp\/v2\/posts"}],"about":[{"href":"https:\/\/corrientesdetarde.com\/index.php\/wp-json\/wp\/v2\/types\/post"}],"author":[{"embeddable":true,"href":"https:\/\/corrientesdetarde.com\/index.php\/wp-json\/wp\/v2\/users\/1"}],"replies":[{"embeddable":true,"href":"https:\/\/corrientesdetarde.com\/index.php\/wp-json\/wp\/v2\/comments?post=40360"}],"version-history":[{"count":1,"href":"https:\/\/corrientesdetarde.com\/index.php\/wp-json\/wp\/v2\/posts\/40360\/revisions"}],"predecessor-version":[{"id":40366,"href":"https:\/\/corrientesdetarde.com\/index.php\/wp-json\/wp\/v2\/posts\/40360\/revisions\/40366"}],"wp:featuredmedia":[{"embeddable":true,"href":"https:\/\/corrientesdetarde.com\/index.php\/wp-json\/wp\/v2\/media\/40365"}],"wp:attachment":[{"href":"https:\/\/corrientesdetarde.com\/index.php\/wp-json\/wp\/v2\/media?parent=40360"}],"wp:term":[{"taxonomy":"category","embeddable":true,"href":"https:\/\/corrientesdetarde.com\/index.php\/wp-json\/wp\/v2\/categories?post=40360"},{"taxonomy":"post_tag","embeddable":true,"href":"https:\/\/corrientesdetarde.com\/index.php\/wp-json\/wp\/v2\/tags?post=40360"}],"curies":[{"name":"wp","href":"https:\/\/api.w.org\/{rel}","templated":true}]}}