{"id":40367,"date":"2023-02-13T22:34:06","date_gmt":"2023-02-14T01:34:06","guid":{"rendered":"https:\/\/corrientesdetarde.com\/?p=40367"},"modified":"2023-02-13T22:34:10","modified_gmt":"2023-02-14T01:34:10","slug":"cortes-de-luz-la-secretaria-de-energia-advirtio-que-al-gobierno-no-le-temblara-el-pulso-a-la-hora-de-tomar-medidas","status":"publish","type":"post","link":"https:\/\/corrientesdetarde.com\/index.php\/informacion-general\/cortes-de-luz-la-secretaria-de-energia-advirtio-que-al-gobierno-no-le-temblara-el-pulso-a-la-hora-de-tomar-medidas\/","title":{"rendered":"Cortes de luz: la secretaria de Energ\u00eda advirti\u00f3 que al Gobierno &#8220;no le temblar\u00e1 el pulso&#8221; a la hora de tomar medidas"},"content":{"rendered":"\n<p>La secretaria de Energ\u00eda, Flavia Roy\u00f3n, cuestion\u00f3 a la empresa Edesur por los reiterados cortes de luz en la zona bajo su concesi\u00f3n y advirti\u00f3 que al Gobierno &#8220;no le va a temblar el pulso&#8221; a la hora de tomar medidas, entre las que incluy\u00f3 la posibilidad de rescindir el contrato.<\/p>\n\n\n\n<p>En el marco de una nueva ola de calor, que azot\u00f3 a la Ciudad de Buenos Aires y alrededores, miles de usuarios sufrieron cortes de energ\u00eda y las redes sociales fueron el reflejo del malestar hist\u00f3rico con la firma a cargo del servicio en la zona sur porte\u00f1a y del Conurbano bonaerense.<\/p>\n\n\n\n<p>&#8220;Tenemos reportes que cientos de familias llevan d\u00edas sin electricidad. Tienen una cosa en com\u00fan, son todas clientes de EDESUR&#8221;, se\u00f1al\u00f3 la funcionaria nacional.<\/p>\n\n\n\n<p>A trav\u00e9s de su cuenta de Twitter, la salte\u00f1a inform\u00f3 que instruy\u00f3 al Ente Nacional Regulador de la Electricidad (ENRE) &#8220;para que inicie las actuaciones administrativas correspondientes para solucionar de forma inmediata, y definitiva, este tipo de situaciones que se repiten a\u00f1o tras a\u00f1o&#8221;.<\/p>\n\n\n\n<p>&#8220;No nos va a temblar el pulso si eso implica tener que terminar el contrato de concesi\u00f3n del servicio de distribuci\u00f3n el\u00e9ctrica a cargo de la empresa EDESUR&#8221;, lanz\u00f3 Roy\u00f3n.<\/p>\n\n\n\n<p>Y a\u00f1adi\u00f3: &#8220;En forma inmediata el ENRE instruir\u00e1 a reforzar las cuadrillas para restaurar el servicio e iniciar\u00e1 la auditor\u00eda del cumplimiento del plan de verano presentado&#8221;.<\/p>\n\n\n\n<p>Por su parte, el titular del organismo contralor, Walter Martello, manifest\u00f3: &#8220;Dada la grave situaci\u00f3n y conforme lo indicado por Secretar\u00eda de Energ\u00eda y el examen t\u00e9cnico que formularemos, actuaremos en consecuencia por la posible caducidad de la concesi\u00f3n del servicio de distribuci\u00f3n el\u00e9ctrica a cargo de la empresa EDESUR&#8221;.<\/p>\n\n\n\n<p>&#8220;Sabemos que es un proceso que lleva tiempo y evaluaciones jur\u00eddico administrativas a partir de los incumplimientos contractuales que pudieran derivar en dicha resoluci\u00f3n, pero entendemos que nuestro compromiso con el usuario hace indispensable iniciar dicho proceso&#8221;, remarc\u00f3 el funcionario nacional.<\/p>\n\n\n\n<p>En horas de la tarde, Edesur hab\u00eda informado que este domingo se registr\u00f3 &#8220;un m\u00e1ximo de potencia a las 16 horas a nivel nacional&#8221; con una demanda de 25.676 MW. &#8220;Es un r\u00e9cord hist\u00f3rico para un d\u00eda domingo, el anterior se hab\u00eda registrado el 11 de diciembre de 2021 con 23.724 MW&#8221;, hab\u00eda a\u00f1adido la firma.<\/p>\n","protected":false},"excerpt":{"rendered":"<p>La secretaria de Energ\u00eda, Flavia Roy\u00f3n, cuestion\u00f3 a la empresa Edesur por los reiterados cortes de luz en la zona bajo su concesi\u00f3n y advirti\u00f3 que al Gobierno &#8220;no le&hellip; <\/p>\n","protected":false},"author":1,"featured_media":40376,"comment_status":"closed","ping_status":"open","sticky":false,"template":"","format":"standard","meta":{"footnotes":""},"categories":[1],"tags":[],"class_list":["post-40367","post","type-post","status-publish","format-standard","has-post-thumbnail","hentry","category-informacion-general"],"_links":{"self":[{"href":"https:\/\/corrientesdetarde.com\/index.php\/wp-json\/wp\/v2\/posts\/40367","targetHints":{"allow":["GET"]}}],"collection":[{"href":"https:\/\/corrientesdetarde.com\/index.php\/wp-json\/wp\/v2\/posts"}],"about":[{"href":"https:\/\/corrientesdetarde.com\/index.php\/wp-json\/wp\/v2\/types\/post"}],"author":[{"embeddable":true,"href":"https:\/\/corrientesdetarde.com\/index.php\/wp-json\/wp\/v2\/users\/1"}],"replies":[{"embeddable":true,"href":"https:\/\/corrientesdetarde.com\/index.php\/wp-json\/wp\/v2\/comments?post=40367"}],"version-history":[{"count":1,"href":"https:\/\/corrientesdetarde.com\/index.php\/wp-json\/wp\/v2\/posts\/40367\/revisions"}],"predecessor-version":[{"id":40377,"href":"https:\/\/corrientesdetarde.com\/index.php\/wp-json\/wp\/v2\/posts\/40367\/revisions\/40377"}],"wp:featuredmedia":[{"embeddable":true,"href":"https:\/\/corrientesdetarde.com\/index.php\/wp-json\/wp\/v2\/media\/40376"}],"wp:attachment":[{"href":"https:\/\/corrientesdetarde.com\/index.php\/wp-json\/wp\/v2\/media?parent=40367"}],"wp:term":[{"taxonomy":"category","embeddable":true,"href":"https:\/\/corrientesdetarde.com\/index.php\/wp-json\/wp\/v2\/categories?post=40367"},{"taxonomy":"post_tag","embeddable":true,"href":"https:\/\/corrientesdetarde.com\/index.php\/wp-json\/wp\/v2\/tags?post=40367"}],"curies":[{"name":"wp","href":"https:\/\/api.w.org\/{rel}","templated":true}]}}