{"id":40369,"date":"2023-02-13T22:20:00","date_gmt":"2023-02-14T01:20:00","guid":{"rendered":"https:\/\/corrientesdetarde.com\/?p=40369"},"modified":"2023-02-13T22:20:03","modified_gmt":"2023-02-14T01:20:03","slug":"anses-confirmo-la-reapertura-de-inscripciones-para-el-progresar-cuando-podran-anotarse","status":"publish","type":"post","link":"https:\/\/corrientesdetarde.com\/index.php\/sociales\/anses-confirmo-la-reapertura-de-inscripciones-para-el-progresar-cuando-podran-anotarse\/","title":{"rendered":"ANSES confirm\u00f3 la reapertura de inscripciones para el Progresar: \u00bfCu\u00e1ndo podr\u00e1n anotarse?"},"content":{"rendered":"\n<p>Fue una semana de novedades para las becas Progresar: este viernes se oficializ\u00f3 el calendario de pagos de febrero y el s\u00e1bado ANSES confirm\u00f3 que a partir de marzo se habilitar\u00e1n las inscripciones para nuevos beneficiarios. As\u00ed lo ratific\u00f3 la titular del organismo, Fernanda Raverta, quien esta semana particip\u00f3 del anuncio del aumento de los haberes jubilatorios en un 17%<\/p>\n\n\n\n<p>Las becas Progresar alcanzan a aquellos estudiantes que atraviesan procesos formativos en el nivel secundario, terciario y universitario y, tras el \u00faltimo aumento inyectado en el mes de enero del 2023, representa un monto de $9.000 brutos, que se entregan en dos cuotas: 80% en abono mensual y el otro 20% restante en la liquidaci\u00f3n tras la certificaci\u00f3n de regularidad.<\/p>\n\n\n\n<p>&#8220;Queremos seguir impulsando la beca Progresar para superar el nivel de cobertura de diciembre de 2022, que fue de 1.700.000 chicos&#8221;, se\u00f1al\u00f3 Raverta, entrevistada por Agencia T\u00e9lam. La titular de ANSES puntualiz\u00f3 los tres objetivos de su gesti\u00f3n: &#8220;aumentar el alcance de las prestaciones, recuperar tiempo perdido en relaci\u00f3n al poder de compra de los jubilados, y lograr la ley que habilita un plan de pagos previsional&#8221; para los trabajadores con edad de jubilarse pero que no llegan a las tres d\u00e9cadas de aportes.<\/p>\n\n\n\n<p>En 2022, el Progresar registr\u00f3 la inversi\u00f3n m\u00e1s alta desde su creaci\u00f3n, con $120.000 millones ejecutados. Para marzo, se prev\u00e9 el anuncio de un nuevo incremento que se corresponda con la actualizaci\u00f3n de los precios del transporte, material did\u00e1ctico, libros y conectividad, entre otras cuestiones. Existe un sitio web con tutoriales que explican el procedimiento de inscripci\u00f3n:&nbsp;<em><a href=\"https:\/\/becasprogresar.educacion.gob.ar\/\">https:\/\/becasprogresar.educacion.gob.ar\/<\/a>&nbsp;&nbsp;<\/em><\/p>\n\n\n\n<p>Fernanda Raverta remarc\u00f3 la importancia de la beca, considerando que &#8220;a los esfuerzos hay que acompa\u00f1arlos con condiciones, con oportunidades, con un piso de posibilidades para que despu\u00e9s ese esfuerzo tenga frutos y valga la pena. Esa es la manera de ganarle a los discursos de la anti-pol\u00edtica: que madres y padres vean para sus hijos un mejor horizonte y una mejor perspectiva de vida que la que tuvieron ellos&#8221;.<\/p>\n\n\n\n<p>En la misma entrevista, Fernanda Raverta se refiri\u00f3 a uno de las propuestas que la ANSES present\u00f3 para su debate en el Congreso: el proyecto de ley del Plan de Pago de Deuda Previsional. En ese sentido, entendi\u00f3 que est\u00e1 &#8220;en riesgo que la jubilaci\u00f3n deje de ser un derecho y que quede como una pensi\u00f3n no contributiva&#8221; si no se aprueba una nueva ley de moratoria previsional, ante la posici\u00f3n del bloque de Juntos por el Cambio de no dar qu\u00f3rum a ning\u00fan proyecto del oficialismo.&nbsp;<\/p>\n","protected":false},"excerpt":{"rendered":"<p>Fue una semana de novedades para las becas Progresar: este viernes se oficializ\u00f3 el calendario de pagos de febrero y el s\u00e1bado ANSES confirm\u00f3 que a partir de marzo se&hellip; <\/p>\n","protected":false},"author":1,"featured_media":40372,"comment_status":"closed","ping_status":"open","sticky":false,"template":"","format":"standard","meta":{"footnotes":""},"categories":[17],"tags":[],"class_list":["post-40369","post","type-post","status-publish","format-standard","has-post-thumbnail","hentry","category-sociales"],"_links":{"self":[{"href":"https:\/\/corrientesdetarde.com\/index.php\/wp-json\/wp\/v2\/posts\/40369","targetHints":{"allow":["GET"]}}],"collection":[{"href":"https:\/\/corrientesdetarde.com\/index.php\/wp-json\/wp\/v2\/posts"}],"about":[{"href":"https:\/\/corrientesdetarde.com\/index.php\/wp-json\/wp\/v2\/types\/post"}],"author":[{"embeddable":true,"href":"https:\/\/corrientesdetarde.com\/index.php\/wp-json\/wp\/v2\/users\/1"}],"replies":[{"embeddable":true,"href":"https:\/\/corrientesdetarde.com\/index.php\/wp-json\/wp\/v2\/comments?post=40369"}],"version-history":[{"count":1,"href":"https:\/\/corrientesdetarde.com\/index.php\/wp-json\/wp\/v2\/posts\/40369\/revisions"}],"predecessor-version":[{"id":40375,"href":"https:\/\/corrientesdetarde.com\/index.php\/wp-json\/wp\/v2\/posts\/40369\/revisions\/40375"}],"wp:featuredmedia":[{"embeddable":true,"href":"https:\/\/corrientesdetarde.com\/index.php\/wp-json\/wp\/v2\/media\/40372"}],"wp:attachment":[{"href":"https:\/\/corrientesdetarde.com\/index.php\/wp-json\/wp\/v2\/media?parent=40369"}],"wp:term":[{"taxonomy":"category","embeddable":true,"href":"https:\/\/corrientesdetarde.com\/index.php\/wp-json\/wp\/v2\/categories?post=40369"},{"taxonomy":"post_tag","embeddable":true,"href":"https:\/\/corrientesdetarde.com\/index.php\/wp-json\/wp\/v2\/tags?post=40369"}],"curies":[{"name":"wp","href":"https:\/\/api.w.org\/{rel}","templated":true}]}}