{"id":40370,"date":"2023-02-13T22:01:50","date_gmt":"2023-02-14T01:01:50","guid":{"rendered":"https:\/\/corrientesdetarde.com\/?p=40370"},"modified":"2023-02-13T22:01:52","modified_gmt":"2023-02-14T01:01:52","slug":"nati-jota-conmovio-a-sus-seguidores-con-una-intempestiva-decision","status":"publish","type":"post","link":"https:\/\/corrientesdetarde.com\/index.php\/espectaculos\/nati-jota-conmovio-a-sus-seguidores-con-una-intempestiva-decision\/","title":{"rendered":"Nati Jota conmovi\u00f3 a sus seguidores con una intempestiva decisi\u00f3n"},"content":{"rendered":"\n<p>Nati Jota anunci\u00f3 que dejar\u00e1 Luzu TV. La influencer que gan\u00f3 un Mart\u00edn Fierro Digital a fines de enero anticip\u00f3 que no seguir\u00e1 en &#8220;Nadie dice nada&#8221;, el exitoso programa que integra junto a Nicol\u00e1s Occhiato.<\/p>\n\n\n\n<p>Al tomar la palabra, Nati Jota se\u00f1al\u00f3: &#8220;Es una decisi\u00f3n m\u00eda, una sensaci\u00f3n de un ciclo que se termin\u00f3, por lo menos as\u00ed lo sent\u00ed. Se despert\u00f3 esta idea en mi cabeza, con ganas de hacer algo nuevo, no lo tengo definido&#8221;.<\/p>\n\n\n\n<p>&#8220;Es un salto a no s\u00e9 donde. Desde que se me plante\u00f3 esta idea, empec\u00e9 a sentir que no estaba dando mi 100% y no me parec\u00eda justo para el proyecto, por todo lo que me dio y significa. Estoy muy agradecida&#8221;, ampli\u00f3.<\/p>\n","protected":false},"excerpt":{"rendered":"<p>Nati Jota anunci\u00f3 que dejar\u00e1 Luzu TV. La influencer que gan\u00f3 un Mart\u00edn Fierro Digital a fines de enero anticip\u00f3 que no seguir\u00e1 en &#8220;Nadie dice nada&#8221;, el exitoso programa&hellip; <\/p>\n","protected":false},"author":1,"featured_media":40371,"comment_status":"closed","ping_status":"open","sticky":false,"template":"","format":"standard","meta":{"footnotes":""},"categories":[19],"tags":[],"class_list":["post-40370","post","type-post","status-publish","format-standard","has-post-thumbnail","hentry","category-espectaculos"],"_links":{"self":[{"href":"https:\/\/corrientesdetarde.com\/index.php\/wp-json\/wp\/v2\/posts\/40370","targetHints":{"allow":["GET"]}}],"collection":[{"href":"https:\/\/corrientesdetarde.com\/index.php\/wp-json\/wp\/v2\/posts"}],"about":[{"href":"https:\/\/corrientesdetarde.com\/index.php\/wp-json\/wp\/v2\/types\/post"}],"author":[{"embeddable":true,"href":"https:\/\/corrientesdetarde.com\/index.php\/wp-json\/wp\/v2\/users\/1"}],"replies":[{"embeddable":true,"href":"https:\/\/corrientesdetarde.com\/index.php\/wp-json\/wp\/v2\/comments?post=40370"}],"version-history":[{"count":1,"href":"https:\/\/corrientesdetarde.com\/index.php\/wp-json\/wp\/v2\/posts\/40370\/revisions"}],"predecessor-version":[{"id":40373,"href":"https:\/\/corrientesdetarde.com\/index.php\/wp-json\/wp\/v2\/posts\/40370\/revisions\/40373"}],"wp:featuredmedia":[{"embeddable":true,"href":"https:\/\/corrientesdetarde.com\/index.php\/wp-json\/wp\/v2\/media\/40371"}],"wp:attachment":[{"href":"https:\/\/corrientesdetarde.com\/index.php\/wp-json\/wp\/v2\/media?parent=40370"}],"wp:term":[{"taxonomy":"category","embeddable":true,"href":"https:\/\/corrientesdetarde.com\/index.php\/wp-json\/wp\/v2\/categories?post=40370"},{"taxonomy":"post_tag","embeddable":true,"href":"https:\/\/corrientesdetarde.com\/index.php\/wp-json\/wp\/v2\/tags?post=40370"}],"curies":[{"name":"wp","href":"https:\/\/api.w.org\/{rel}","templated":true}]}}