{"id":40381,"date":"2023-02-13T23:33:06","date_gmt":"2023-02-14T02:33:06","guid":{"rendered":"https:\/\/corrientesdetarde.com\/?p=40381"},"modified":"2023-02-13T23:33:11","modified_gmt":"2023-02-14T02:33:11","slug":"malas-noticias-para-boca-se-volvio-a-lesionar-el-changuito-zeballos","status":"publish","type":"post","link":"https:\/\/corrientesdetarde.com\/index.php\/deportes\/malas-noticias-para-boca-se-volvio-a-lesionar-el-changuito-zeballos\/","title":{"rendered":"Malas noticias para Boca: se volvi\u00f3 a lesionar el &#8220;Changuito&#8221; Zeballos"},"content":{"rendered":"\n<p>El joven atacante de Boca Exequiel Zeballos volvi\u00f3 a lesionarse de su rodilla izquierda y deber\u00e1 someterse a una cirug\u00eda para recuperarse de una lesi\u00f3n meniscal externa que lo mantendr\u00e1 alejado de las canchas por un tiempo prolongado.<\/p>\n\n\n\n<p>&#8220;Exequiel Zeballos presenta una lesi\u00f3n meniscal externa en su rodilla izquierda por la cual deber\u00e1 ser intervenido quir\u00fargicamente&#8221;, comunic\u00f3 el Departamento M\u00e9dico del F\u00fatbol Profesional en la cuenta oficial de Boca Juniors en Twitter.<\/p>\n\n\n\n<p>Adem\u00e1s, anunci\u00f3 que el delantero Nicol\u00e1s Orsini sufri\u00f3 un desgarro en el b\u00edceps femoral de su pierna izquierda.<\/p>\n\n\n\n<figure class=\"wp-block-embed is-type-rich is-provider-twitter wp-block-embed-twitter\"><div class=\"wp-block-embed__wrapper\">\n<blockquote class=\"twitter-tweet\" data-width=\"550\" data-dnt=\"true\"><p lang=\"es\" dir=\"ltr\">DOS LESIONES EN BOCA \ud83d\udd35\ud83d\udfe1<br><br>\u25b6\ufe0f El Xeneize confirm\u00f3 que Nicol\u00e1s Orsini tiene un desgarro en el b\u00edceps femoral de su pierna izquierda; mientras que Exequiel Zeballos sufri\u00f3 una lesi\u00f3n meniscal externa en su rodilla izquierda y ser\u00e1 operado <a href=\"https:\/\/t.co\/XVpE82Gk1l\">pic.twitter.com\/XVpE82Gk1l<\/a><\/p>&mdash; TNT Sports Argentina (@TNTSportsAR) <a href=\"https:\/\/twitter.com\/TNTSportsAR\/status\/1625247232252583937?ref_src=twsrc%5Etfw\">February 13, 2023<\/a><\/blockquote><script async src=\"https:\/\/platform.twitter.com\/widgets.js\" charset=\"utf-8\"><\/script>\n<\/div><\/figure>\n\n\n\n<p>A pesar de que las lesiones meniscales pueden recuperarse con tratamientos antiinflamatorios, el caso de Zeballos fue m\u00e1s grave de lo pensado y deber\u00e1 someterse a una artroscopia para solucionar de manera m\u00e1s \u00f3ptima la dolencia en su rodilla derecha.<\/p>\n\n\n\n<p>Esta cirug\u00eda le demandar\u00eda entre tres y cuatro semanas de recuperaci\u00f3n al atacante de 20 a\u00f1os.<\/p>\n\n\n\n<figure class=\"wp-block-embed is-type-rich is-provider-twitter wp-block-embed-twitter\"><div class=\"wp-block-embed__wrapper\">\n<blockquote class=\"twitter-tweet\" data-width=\"550\" data-dnt=\"true\"><p lang=\"es\" dir=\"ltr\">\u00a1BOMBA EN BOCA! OPERAN AL CHANGUITO ZEBALLOS. Mala noticia para el Xeneize: El delantero tendr\u00e1 entre cuatro y seis semanas de recuperaci\u00f3n<a href=\"https:\/\/twitter.com\/ESPNFutbolArg?ref_src=twsrc%5Etfw\">@ESPNFutbolArg<\/a> <a href=\"https:\/\/t.co\/FUv6YeDVNk\">pic.twitter.com\/FUv6YeDVNk<\/a><\/p>&mdash; SportsCenter (@SC_ESPN) <a href=\"https:\/\/twitter.com\/SC_ESPN\/status\/1625253065120169985?ref_src=twsrc%5Etfw\">February 13, 2023<\/a><\/blockquote><script async src=\"https:\/\/platform.twitter.com\/widgets.js\" charset=\"utf-8\"><\/script>\n<\/div><\/figure>\n\n\n\n<p>El 11 de agosto de 2022, Boca venci\u00f3 a Agropecuario de Carlos Casares por los octavos de final de la Copa Argentina, pero el resultado ser\u00eda apenas un detalle ya que lo destacado fue la dura patada del defensor Milton Leyendeker a Zeballos, la cu\u00e1l le caus\u00f3 la rotura del ligamento externo que une la tibia con el peron\u00e9 de la pierna derecha. Esto caus\u00f3 que el volante estuviese lejos de las canchas por seis meses.<\/p>\n\n\n\n<p>Zeballos regres\u00f3 al plantel de Boca para el duelo ante Racing por el Trofeo de Campeones en San Luis, donde la &#8220;Academia&#8221; se llevar\u00eda el triunfo por 2 a 1. No obstante, reci\u00e9n pudo volver a jugar en el primer partido de la Liga Profesional 2023, en la victoria del &#8220;Xeneize&#8221; frente a Atl\u00e9tico Tucum\u00e1n por 1 a 0 en La Bombonera.<\/p>\n","protected":false},"excerpt":{"rendered":"<p>El joven atacante de Boca Exequiel Zeballos volvi\u00f3 a lesionarse de su rodilla izquierda y deber\u00e1 someterse a una cirug\u00eda para recuperarse de una lesi\u00f3n meniscal externa que lo mantendr\u00e1&hellip; <\/p>\n","protected":false},"author":1,"featured_media":40385,"comment_status":"closed","ping_status":"open","sticky":false,"template":"","format":"standard","meta":{"footnotes":""},"categories":[4],"tags":[],"class_list":["post-40381","post","type-post","status-publish","format-standard","has-post-thumbnail","hentry","category-deportes"],"_links":{"self":[{"href":"https:\/\/corrientesdetarde.com\/index.php\/wp-json\/wp\/v2\/posts\/40381","targetHints":{"allow":["GET"]}}],"collection":[{"href":"https:\/\/corrientesdetarde.com\/index.php\/wp-json\/wp\/v2\/posts"}],"about":[{"href":"https:\/\/corrientesdetarde.com\/index.php\/wp-json\/wp\/v2\/types\/post"}],"author":[{"embeddable":true,"href":"https:\/\/corrientesdetarde.com\/index.php\/wp-json\/wp\/v2\/users\/1"}],"replies":[{"embeddable":true,"href":"https:\/\/corrientesdetarde.com\/index.php\/wp-json\/wp\/v2\/comments?post=40381"}],"version-history":[{"count":1,"href":"https:\/\/corrientesdetarde.com\/index.php\/wp-json\/wp\/v2\/posts\/40381\/revisions"}],"predecessor-version":[{"id":40386,"href":"https:\/\/corrientesdetarde.com\/index.php\/wp-json\/wp\/v2\/posts\/40381\/revisions\/40386"}],"wp:featuredmedia":[{"embeddable":true,"href":"https:\/\/corrientesdetarde.com\/index.php\/wp-json\/wp\/v2\/media\/40385"}],"wp:attachment":[{"href":"https:\/\/corrientesdetarde.com\/index.php\/wp-json\/wp\/v2\/media?parent=40381"}],"wp:term":[{"taxonomy":"category","embeddable":true,"href":"https:\/\/corrientesdetarde.com\/index.php\/wp-json\/wp\/v2\/categories?post=40381"},{"taxonomy":"post_tag","embeddable":true,"href":"https:\/\/corrientesdetarde.com\/index.php\/wp-json\/wp\/v2\/tags?post=40381"}],"curies":[{"name":"wp","href":"https:\/\/api.w.org\/{rel}","templated":true}]}}