{"id":40403,"date":"2023-02-14T07:21:21","date_gmt":"2023-02-14T10:21:21","guid":{"rendered":"https:\/\/corrientesdetarde.com\/?p=40403"},"modified":"2023-02-14T07:21:24","modified_gmt":"2023-02-14T10:21:24","slug":"trabajadores-judiciales-cobrarian-su-primer-aumento-del-ano-en-marzo","status":"publish","type":"post","link":"https:\/\/corrientesdetarde.com\/index.php\/economia\/trabajadores-judiciales-cobrarian-su-primer-aumento-del-ano-en-marzo\/","title":{"rendered":"Trabajadores judiciales cobrar\u00edan su primer aumento del a\u00f1o en marzo"},"content":{"rendered":"\n<p>El Sitraj present\u00f3 la semana pasada un petitorio al titular del STJ con pedido de recomposici\u00f3n salarial del 25% a partir de febrero.<\/p>\n\n\n\n<p>En la jornada de ayer el presidente del Superior Tribunal de Justicia, Eduardo Rey V\u00e1zquez, adelant\u00f3 que los trabajadores judiciales cobrar\u00edan su primer aumento de 2023 en el mes de marzo. Dichas afirmaciones las dio tra la reuni\u00f3n mantenida este lunes 13 con el gobernador Gustavo Vald\u00e9s.<br>El titular del Poder Judicial respondi\u00f3 que posiblemente reciban un aumento en el mes pr\u00f3ximo, siguiendo el cronograma que ya ha marcado el Poder Legislativo. &#8220;Ser\u00e1 un a\u00f1o dif\u00edcil en cuanto a recursos, de mucha inflaci\u00f3n. Preparamos un aumento salarial para marzo&#8221;.\u00a0<br>En cuanto a la reuni\u00f3n con el mandatario provincial calific\u00f3 de &#8220;muy buena&#8221; y detallo &#8220;que su agenda de trabajo gir\u00f3 en torno a las necesidades de modernizaci\u00f3n. La modernizaci\u00f3n depender\u00e1 de la tecnolog\u00eda. Hablamos de los nuevos c\u00f3digos procesales que se implementan en Corrientes para lo que se necesita de recursos e inversi\u00f3n&#8221;, dijo Rey V\u00e1zquez.\u00a0<\/p>\n\n\n\n<p><br>PEDIDO GREMIAL<\/p>\n\n\n\n<p>En este contexto, cabe recordar que la semana pasada Juan Carlos Gonz\u00e1lez, secretario general del Sitraj junto con otros referentes del sindicato se reunieron con el presidente del Superior Tribunal de Justicia de Corrientes donde le manifestaron sus pretensiones. &#8220;Hay preocupaci\u00f3n e inter\u00e9s de tener una respuesta&#8221;, dijo Gonz\u00e1lez a la prensa. Adem\u00e1s cont\u00f3 que en esa oportunidad &#8220;se present\u00f3 un petitorio con una recomposici\u00f3n salarial del 25% a partir de febrero de 2023&#8221;, detall\u00f3.<br>&#8220;El tema, m\u00e1s destacado de la reuni\u00f3n con Rey V\u00e1zquez fue que \u00e9l se ha mostrado de acuerdo con nuestro reclamo salarial. Nos dijo que entiende la situaci\u00f3n econ\u00f3mica y estar\u00eda en carpeta la posibilidad de que esto se pueda concretar&#8221;, detall\u00f3 Gonz\u00e1lez a La Dos.<\/p>\n","protected":false},"excerpt":{"rendered":"<p>El Sitraj present\u00f3 la semana pasada un petitorio al titular del STJ con pedido de recomposici\u00f3n salarial del 25% a partir de febrero. En la jornada de ayer el presidente&hellip; <\/p>\n","protected":false},"author":1,"featured_media":40404,"comment_status":"closed","ping_status":"open","sticky":false,"template":"","format":"standard","meta":{"footnotes":""},"categories":[20],"tags":[],"class_list":["post-40403","post","type-post","status-publish","format-standard","has-post-thumbnail","hentry","category-economia"],"_links":{"self":[{"href":"https:\/\/corrientesdetarde.com\/index.php\/wp-json\/wp\/v2\/posts\/40403","targetHints":{"allow":["GET"]}}],"collection":[{"href":"https:\/\/corrientesdetarde.com\/index.php\/wp-json\/wp\/v2\/posts"}],"about":[{"href":"https:\/\/corrientesdetarde.com\/index.php\/wp-json\/wp\/v2\/types\/post"}],"author":[{"embeddable":true,"href":"https:\/\/corrientesdetarde.com\/index.php\/wp-json\/wp\/v2\/users\/1"}],"replies":[{"embeddable":true,"href":"https:\/\/corrientesdetarde.com\/index.php\/wp-json\/wp\/v2\/comments?post=40403"}],"version-history":[{"count":1,"href":"https:\/\/corrientesdetarde.com\/index.php\/wp-json\/wp\/v2\/posts\/40403\/revisions"}],"predecessor-version":[{"id":40405,"href":"https:\/\/corrientesdetarde.com\/index.php\/wp-json\/wp\/v2\/posts\/40403\/revisions\/40405"}],"wp:featuredmedia":[{"embeddable":true,"href":"https:\/\/corrientesdetarde.com\/index.php\/wp-json\/wp\/v2\/media\/40404"}],"wp:attachment":[{"href":"https:\/\/corrientesdetarde.com\/index.php\/wp-json\/wp\/v2\/media?parent=40403"}],"wp:term":[{"taxonomy":"category","embeddable":true,"href":"https:\/\/corrientesdetarde.com\/index.php\/wp-json\/wp\/v2\/categories?post=40403"},{"taxonomy":"post_tag","embeddable":true,"href":"https:\/\/corrientesdetarde.com\/index.php\/wp-json\/wp\/v2\/tags?post=40403"}],"curies":[{"name":"wp","href":"https:\/\/api.w.org\/{rel}","templated":true}]}}