{"id":40495,"date":"2023-02-14T13:07:13","date_gmt":"2023-02-14T16:07:13","guid":{"rendered":"https:\/\/corrientesdetarde.com\/?p=40495"},"modified":"2023-02-14T13:07:18","modified_gmt":"2023-02-14T16:07:18","slug":"karina-jelinek-saludo-a-flor-parise-por-el-dia-de-los-enamorados-con-una-foto-juntas-en-topless","status":"publish","type":"post","link":"https:\/\/corrientesdetarde.com\/index.php\/espectaculos\/karina-jelinek-saludo-a-flor-parise-por-el-dia-de-los-enamorados-con-una-foto-juntas-en-topless\/","title":{"rendered":"Karina Jelinek salud\u00f3 a Flor Parise por el D\u00eda de los Enamorados con una foto juntas en topless"},"content":{"rendered":"\n<h2 class=\"wp-block-heading\">La modelo comparti\u00f3 una serie de im\u00e1genes \u00edntimas y luego decidi\u00f3 eliminarlas por pedido de la mujer a quien define como su \u201ccompa\u00f1era de vida\u201d<\/h2>\n\n\n\n<p><strong>Karina Jelinek<\/strong>&nbsp;aprovech\u00f3 este 14 de febrero, el D\u00eda de los Enamorados, para confirmar su relaci\u00f3n con&nbsp;<strong>Flor Parise<\/strong>, su representante y amiga \u00edntima desde hace muchos a\u00f1os, y tambi\u00e9n con quien quiere llevar adelante su proyecto de ser madre. Si bien en m\u00e1s de una oportunidad, la modelo habl\u00f3 ella como su \u201ccompa\u00f1era\u201d con quien \u201chace todo\u201d, esta madrugada poste\u00f3 fotos en las redes sociales y la salud\u00f3 por este rom\u00e1ntico d\u00eda.<\/p>\n\n\n\n<p>Lo hizo a trav\u00e9s de distintas Historias de Instagram, red social en la que tiene un mill\u00f3n de seguidores. All\u00ed, comparti\u00f3 distintas selfies que se tomaron juntas frente al espejo y sin corpi\u00f1o. Sin intenci\u00f3n de que se vea algo de m\u00e1s, la modelo se encarg\u00f3 de tapar con stickers. \u201cYou\u2019re someone special\u201d (\u201cVos sos alguien especial\u201d, traducido al espa\u00f1ol) escribi\u00f3 junto a una de las fotos. Mientras que en otras, comparti\u00f3 las leyendas \u201cHappy Valentines Day\u201d y \u201cFeliz San Valent\u00edn\u201d.<\/p>\n\n\n\n<p><img loading=\"lazy\" decoding=\"async\" alt=\"El posteo de Karina Jelinek por el D\u00eda de los Enamorados\" height=\"3405\" width=\"1920\" class=\"\" src=\"https:\/\/cloudfront-us-east-1.images.arcpublishing.com\/infobae\/NY33G6LFAJAE7C4TCAE6QOBHCQ.jpg\" srcset=\"https:\/\/www.infobae.com\/new-resizer\/dPx2h647GHx5zK154bL3dFaX99w=\/420x747\/filters:format(webp):quality(85)\/cloudfront-us-east-1.images.arcpublishing.com\/infobae\/NY33G6LFAJAE7C4TCAE6QOBHCQ.jpg 420w,https:\/\/www.infobae.com\/new-resizer\/gOdbCtdXjXlBvkl7Qv9r9ujIzZs=\/768x1365\/filters:format(webp):quality(85)\/cloudfront-us-east-1.images.arcpublishing.com\/infobae\/NY33G6LFAJAE7C4TCAE6QOBHCQ.jpg 768w,https:\/\/www.infobae.com\/new-resizer\/CQoj_RS5BK0vGmxxioO02KBc7QE=\/992x1764\/filters:format(webp):quality(85)\/cloudfront-us-east-1.images.arcpublishing.com\/infobae\/NY33G6LFAJAE7C4TCAE6QOBHCQ.jpg 992w,https:\/\/www.infobae.com\/new-resizer\/rZLZJfk7-xXdQQQ_0jYkQEA_Iog=\/1200x2133\/filters:format(webp):quality(85)\/cloudfront-us-east-1.images.arcpublishing.com\/infobae\/NY33G6LFAJAE7C4TCAE6QOBHCQ.jpg 1200w\">El posteo de Karina Jelinek por el D\u00eda de los Enamorados<\/p>\n\n\n\n<p><img loading=\"lazy\" decoding=\"async\" alt=\"Karina Jelinek salud\u00f3 a Flor Parise\" height=\"3408\" width=\"1920\" class=\"\" src=\"https:\/\/cloudfront-us-east-1.images.arcpublishing.com\/infobae\/AC3RHLMTMBDVDAHM4R562BRZWU.jpg\" srcset=\"https:\/\/www.infobae.com\/new-resizer\/JfBLzjDtChEPNMfauucwf-ecwDk=\/420x747\/filters:format(webp):quality(85)\/cloudfront-us-east-1.images.arcpublishing.com\/infobae\/AC3RHLMTMBDVDAHM4R562BRZWU.jpg 420w,https:\/\/www.infobae.com\/new-resizer\/-A1W0JWoFQWJuu4dC0uTefuO7S4=\/768x1365\/filters:format(webp):quality(85)\/cloudfront-us-east-1.images.arcpublishing.com\/infobae\/AC3RHLMTMBDVDAHM4R562BRZWU.jpg 768w,https:\/\/www.infobae.com\/new-resizer\/dRll6wQmrI23jMZkT80ctVv4-T0=\/992x1764\/filters:format(webp):quality(85)\/cloudfront-us-east-1.images.arcpublishing.com\/infobae\/AC3RHLMTMBDVDAHM4R562BRZWU.jpg 992w,https:\/\/www.infobae.com\/new-resizer\/PjpVslCUiCcO-RmFDroIExAm2k0=\/1200x2133\/filters:format(webp):quality(85)\/cloudfront-us-east-1.images.arcpublishing.com\/infobae\/AC3RHLMTMBDVDAHM4R562BRZWU.jpg 1200w\">Karina Jelinek salud\u00f3 a Flor Parise<\/p>\n\n\n\n<p><img loading=\"lazy\" decoding=\"async\" alt=\"Otro de los posteos de Karina Jelinek\" height=\"3408\" width=\"1920\" class=\"\" src=\"https:\/\/cloudfront-us-east-1.images.arcpublishing.com\/infobae\/TSIT7AAQK5GI3DEGM3BZBX3TKI.jpg\" srcset=\"https:\/\/www.infobae.com\/new-resizer\/Ka696AspUrupvvooIogDuHaQhEs=\/420x747\/filters:format(webp):quality(85)\/cloudfront-us-east-1.images.arcpublishing.com\/infobae\/TSIT7AAQK5GI3DEGM3BZBX3TKI.jpg 420w,https:\/\/www.infobae.com\/new-resizer\/kcM9fCWi2a_OC3vSFewosl-1-Mc=\/768x1365\/filters:format(webp):quality(85)\/cloudfront-us-east-1.images.arcpublishing.com\/infobae\/TSIT7AAQK5GI3DEGM3BZBX3TKI.jpg 768w,https:\/\/www.infobae.com\/new-resizer\/J5L8g-QJalGlAianClvOP_4z7Jg=\/992x1764\/filters:format(webp):quality(85)\/cloudfront-us-east-1.images.arcpublishing.com\/infobae\/TSIT7AAQK5GI3DEGM3BZBX3TKI.jpg 992w,https:\/\/www.infobae.com\/new-resizer\/xJApAC_LGWNwGM3roes-ApIH27M=\/1200x2133\/filters:format(webp):quality(85)\/cloudfront-us-east-1.images.arcpublishing.com\/infobae\/TSIT7AAQK5GI3DEGM3BZBX3TKI.jpg 1200w\">Otro de los posteos de Karina Jelinek<\/p>\n\n\n\n<p><img loading=\"lazy\" decoding=\"async\" alt=\"Karina Jelinek salud\u00f3 a Flor Parise por San Valent\u00edn y luego elimin\u00f3 los posteos\" height=\"3408\" width=\"1920\" class=\"\" src=\"https:\/\/cloudfront-us-east-1.images.arcpublishing.com\/infobae\/CWJGZODHIFFTXJKX7SEGR2LBRY.jpg\" srcset=\"https:\/\/www.infobae.com\/new-resizer\/KOZxOnD9yStvm1wzVvoWUgWiUeE=\/420x747\/filters:format(webp):quality(85)\/cloudfront-us-east-1.images.arcpublishing.com\/infobae\/CWJGZODHIFFTXJKX7SEGR2LBRY.jpg 420w,https:\/\/www.infobae.com\/new-resizer\/1Vz1788R2WMlXSPBw7flzp8pizc=\/768x1365\/filters:format(webp):quality(85)\/cloudfront-us-east-1.images.arcpublishing.com\/infobae\/CWJGZODHIFFTXJKX7SEGR2LBRY.jpg 768w,https:\/\/www.infobae.com\/new-resizer\/9z8X_-uBmP0dIsNjG0MkRtH2EqY=\/992x1764\/filters:format(webp):quality(85)\/cloudfront-us-east-1.images.arcpublishing.com\/infobae\/CWJGZODHIFFTXJKX7SEGR2LBRY.jpg 992w,https:\/\/www.infobae.com\/new-resizer\/VeYHhe1FBOiGsyR3BM7Ce2Xt1dE=\/1200x2133\/filters:format(webp):quality(85)\/cloudfront-us-east-1.images.arcpublishing.com\/infobae\/CWJGZODHIFFTXJKX7SEGR2LBRY.jpg 1200w\">Karina Jelinek salud\u00f3 a Flor Parise por San Valent\u00edn y luego elimin\u00f3 los posteos<\/p>\n\n\n\n<p>As\u00ed las cosas, minutos despu\u00e9s de haber compartido todas las fotos, Karina elimin\u00f3 los posteos e hizo uno nuevo explicando que a Flor le hab\u00eda dado \u201cverg\u00fcenza\u201d. Aunque no es la primera vez que publica im\u00e1genes de ellas juntas, antes no la hab\u00eda saludado por el D\u00eda de los Enamorados<\/p>\n\n\n\n<p>\u201cPerd\u00f3n borr\u00e9 las fotos porque ahora le dio verg\u00fcenza, a m\u00ed no\u201d, escribi\u00f3 y aclar\u00f3 quien estuvo casada con Leonardo Fari\u00f1a y quien desde aquel escandaloso divorcio no hab\u00eda vuelto a blanquear p\u00fablicamente una pareja.<\/p>\n\n\n\n<p>Flor, por su parte, elige mantener un bajo perfil -de all\u00ed el pedido a Karina para que eliminase las fotos- y no se expres\u00f3 en sus redes sociales al respecto, sino que se limit\u00f3 a mostrar un ramo de flores este martes por la ma\u00f1ana.<\/p>\n\n\n\n<p><img loading=\"lazy\" decoding=\"async\" alt=\"Karina Jelinek explic\u00f3 por qu\u00e9 elimin\u00f3 las fotos de su Instagram\" height=\"3429\" width=\"1920\" class=\"\" src=\"https:\/\/cloudfront-us-east-1.images.arcpublishing.com\/infobae\/G32IM2JKTZAVZFFDLBJ2MQEWP4.jpg\" srcset=\"https:\/\/www.infobae.com\/new-resizer\/xj1assVCsCLQ5KYf6jlYB2iS7Hs=\/420x747\/filters:format(webp):quality(85)\/cloudfront-us-east-1.images.arcpublishing.com\/infobae\/G32IM2JKTZAVZFFDLBJ2MQEWP4.jpg 420w,https:\/\/www.infobae.com\/new-resizer\/htokBfnyYNhLVlNVrYszWn34hRY=\/768x1365\/filters:format(webp):quality(85)\/cloudfront-us-east-1.images.arcpublishing.com\/infobae\/G32IM2JKTZAVZFFDLBJ2MQEWP4.jpg 768w,https:\/\/www.infobae.com\/new-resizer\/QX8OSiibT0IsfDDKlLaYoyfH2Wk=\/992x1764\/filters:format(webp):quality(85)\/cloudfront-us-east-1.images.arcpublishing.com\/infobae\/G32IM2JKTZAVZFFDLBJ2MQEWP4.jpg 992w,https:\/\/www.infobae.com\/new-resizer\/qIzQiLExswDN-uD52FR5Aj1iDuw=\/1200x2133\/filters:format(webp):quality(85)\/cloudfront-us-east-1.images.arcpublishing.com\/infobae\/G32IM2JKTZAVZFFDLBJ2MQEWP4.jpg 1200w\">Karina Jelinek explic\u00f3 por qu\u00e9 elimin\u00f3 las fotos de su Instagram<\/p>\n\n\n\n<p>Hace algunos a\u00f1os, Jelinek y Parise conviven, comparten proyectos laborales, viajes, salidas con amigos. Y en alguna oportunidad, la modelo ha compartido fotos con&nbsp;<strong>Benicio<\/strong>, el hijo de siete a\u00f1os de Flor fruto de su relaci\u00f3n anterior con&nbsp;<strong>Gabriel Li\u00f1ares<\/strong>.<\/p>\n\n\n\n<p>Luego de definirla como su \u201ccompa\u00f1era de vida\u201d, Karina expres\u00f3 sus deseos de ser madres juntas. \u201cMe gustar\u00eda adoptar, porque hay tantos ni\u00f1os que no tienen donde ir y necesitan un hogar; o alquilar un vientre tambi\u00e9n, \u00bfpor qu\u00e9 no? Me gustar\u00eda tener muchos hijos, seguramente ya se va a dar. Estoy en eso. Es un proceso que estoy haciendo,me va a ayudar una amiga que va a poner el vientre\u201d, hab\u00eda contado en una entrevista en&nbsp;<em>PH Podemos Hablar<\/em>.<\/p>\n\n\n\n<p>\u201c\u00bfEs algo f\u00edsico o algo emocional?\u201d, pregunt\u00f3 Andy Kusnetzoff.\u201cAmbas cosas, pero prefiero guard\u00e1rmelo por el momento\u201d, respondi\u00f3 ella y se refiri\u00f3 a la posibilidad de criar al beb\u00e9 con su amiga. \u201cSer\u00edamos como tres mam\u00e1s, porque vivo con unas amigas y todas nos cuidar\u00edamos, tambi\u00e9n la que me peina\u201d brome\u00f3, e hizo una salvedad. \u201cComo no s\u00e9 mucho, me estoy asesorando con Ana (Rosenfeld) y lo quiero tener ac\u00e1. Y adoptar tambi\u00e9n, est\u00e1 bueno traer hijos al mundo\u201d.<\/p>\n\n\n\n<p>M\u00e1s tarde, fue su abogada quien habl\u00f3 de los proyectos personales de su clienta. \u201cEst\u00e1 buscando subrogar un vientre en Estados Unidos, y si Dios quiere, a lo mejor antes de julio tenemos novedades. Espero que pr\u00f3ximamente todas las noticias que giren alrededor de Karina y todos sus tuits sean con un corazoncito\u201d, hab\u00eda dicho tiempo atr\u00e1s. Hasta el momento, la modelo no comparti\u00f3 ninguna informaci\u00f3n al respecto.<\/p>\n","protected":false},"excerpt":{"rendered":"<p>La modelo comparti\u00f3 una serie de im\u00e1genes \u00edntimas y luego decidi\u00f3 eliminarlas por pedido de la mujer a quien define como su \u201ccompa\u00f1era de vida\u201d Karina Jelinek&nbsp;aprovech\u00f3 este 14 de&hellip; <\/p>\n","protected":false},"author":1,"featured_media":40496,"comment_status":"closed","ping_status":"open","sticky":false,"template":"","format":"standard","meta":{"footnotes":""},"categories":[19],"tags":[],"class_list":["post-40495","post","type-post","status-publish","format-standard","has-post-thumbnail","hentry","category-espectaculos"],"_links":{"self":[{"href":"https:\/\/corrientesdetarde.com\/index.php\/wp-json\/wp\/v2\/posts\/40495","targetHints":{"allow":["GET"]}}],"collection":[{"href":"https:\/\/corrientesdetarde.com\/index.php\/wp-json\/wp\/v2\/posts"}],"about":[{"href":"https:\/\/corrientesdetarde.com\/index.php\/wp-json\/wp\/v2\/types\/post"}],"author":[{"embeddable":true,"href":"https:\/\/corrientesdetarde.com\/index.php\/wp-json\/wp\/v2\/users\/1"}],"replies":[{"embeddable":true,"href":"https:\/\/corrientesdetarde.com\/index.php\/wp-json\/wp\/v2\/comments?post=40495"}],"version-history":[{"count":1,"href":"https:\/\/corrientesdetarde.com\/index.php\/wp-json\/wp\/v2\/posts\/40495\/revisions"}],"predecessor-version":[{"id":40497,"href":"https:\/\/corrientesdetarde.com\/index.php\/wp-json\/wp\/v2\/posts\/40495\/revisions\/40497"}],"wp:featuredmedia":[{"embeddable":true,"href":"https:\/\/corrientesdetarde.com\/index.php\/wp-json\/wp\/v2\/media\/40496"}],"wp:attachment":[{"href":"https:\/\/corrientesdetarde.com\/index.php\/wp-json\/wp\/v2\/media?parent=40495"}],"wp:term":[{"taxonomy":"category","embeddable":true,"href":"https:\/\/corrientesdetarde.com\/index.php\/wp-json\/wp\/v2\/categories?post=40495"},{"taxonomy":"post_tag","embeddable":true,"href":"https:\/\/corrientesdetarde.com\/index.php\/wp-json\/wp\/v2\/tags?post=40495"}],"curies":[{"name":"wp","href":"https:\/\/api.w.org\/{rel}","templated":true}]}}