{"id":40502,"date":"2023-02-14T13:41:43","date_gmt":"2023-02-14T16:41:43","guid":{"rendered":"https:\/\/corrientesdetarde.com\/?p=40502"},"modified":"2023-02-14T14:05:59","modified_gmt":"2023-02-14T17:05:59","slug":"fernandez-intenta-acercarse-cada-a-los-gobernadores-peronistas-para-afianzar-su-posible-reeleccion","status":"publish","type":"post","link":"https:\/\/corrientesdetarde.com\/index.php\/politica\/fernandez-intenta-acercarse-cada-a-los-gobernadores-peronistas-para-afianzar-su-posible-reeleccion\/","title":{"rendered":"Fern\u00e1ndez intenta acercarse a los gobernadores peronistas para afianzar su posible reelecci\u00f3n"},"content":{"rendered":"\n<p>Este martes, el presidente Alberto Fern\u00e1ndez visita la provincia de Catamarca para entregar viviendas junto al titular del Ejecutivo local, Ra\u00fal Jalil. El Jefe de Estado mantuvo una cena, ayer lunes, con seis gobernadores peronistas con el fin de tratar la conformaci\u00f3n de la mesa electoral del PJ Nacional, convocada para el pr\u00f3ximo jueves. Fern\u00e1ndez quiere promover su reelecci\u00f3n y entiende que encabezar ese espacio respaldado por los principales referentes del justicialismo, le puede facilitar sostener su candidatura y postularse a ejercer otro mandato, algo que el kirchnerismo rechaza de plano.<\/p>\n\n\n\n<figure class=\"wp-block-embed is-type-video is-provider-youtube wp-block-embed-youtube wp-embed-aspect-16-9 wp-has-aspect-ratio\"><div class=\"wp-block-embed__wrapper\">\n<iframe loading=\"lazy\" title=\"Fern\u00e1ndez intenta acercarse cada a los gobernadores peronistas para afianzar su posible reelecci\u00f3n\" width=\"1110\" height=\"624\" src=\"https:\/\/www.youtube.com\/embed\/7Tx8BS5Kn8w?feature=oembed\" frameborder=\"0\" allow=\"accelerometer; autoplay; clipboard-write; encrypted-media; gyroscope; picture-in-picture; web-share\" allowfullscreen><\/iframe>\n<\/div><figcaption>JUAN PABLO PERALTA<\/figcaption><\/figure>\n","protected":false},"excerpt":{"rendered":"<p>Este martes, el presidente Alberto Fern\u00e1ndez visita la provincia de Catamarca para entregar viviendas junto al titular del Ejecutivo local, Ra\u00fal Jalil. El Jefe de Estado mantuvo una cena, ayer&hellip; <\/p>\n","protected":false},"author":1,"featured_media":40503,"comment_status":"closed","ping_status":"open","sticky":false,"template":"","format":"standard","meta":{"footnotes":""},"categories":[35,3],"tags":[],"class_list":["post-40502","post","type-post","status-publish","format-standard","has-post-thumbnail","hentry","category-opinion","category-politica"],"_links":{"self":[{"href":"https:\/\/corrientesdetarde.com\/index.php\/wp-json\/wp\/v2\/posts\/40502","targetHints":{"allow":["GET"]}}],"collection":[{"href":"https:\/\/corrientesdetarde.com\/index.php\/wp-json\/wp\/v2\/posts"}],"about":[{"href":"https:\/\/corrientesdetarde.com\/index.php\/wp-json\/wp\/v2\/types\/post"}],"author":[{"embeddable":true,"href":"https:\/\/corrientesdetarde.com\/index.php\/wp-json\/wp\/v2\/users\/1"}],"replies":[{"embeddable":true,"href":"https:\/\/corrientesdetarde.com\/index.php\/wp-json\/wp\/v2\/comments?post=40502"}],"version-history":[{"count":2,"href":"https:\/\/corrientesdetarde.com\/index.php\/wp-json\/wp\/v2\/posts\/40502\/revisions"}],"predecessor-version":[{"id":40509,"href":"https:\/\/corrientesdetarde.com\/index.php\/wp-json\/wp\/v2\/posts\/40502\/revisions\/40509"}],"wp:featuredmedia":[{"embeddable":true,"href":"https:\/\/corrientesdetarde.com\/index.php\/wp-json\/wp\/v2\/media\/40503"}],"wp:attachment":[{"href":"https:\/\/corrientesdetarde.com\/index.php\/wp-json\/wp\/v2\/media?parent=40502"}],"wp:term":[{"taxonomy":"category","embeddable":true,"href":"https:\/\/corrientesdetarde.com\/index.php\/wp-json\/wp\/v2\/categories?post=40502"},{"taxonomy":"post_tag","embeddable":true,"href":"https:\/\/corrientesdetarde.com\/index.php\/wp-json\/wp\/v2\/tags?post=40502"}],"curies":[{"name":"wp","href":"https:\/\/api.w.org\/{rel}","templated":true}]}}