{"id":40505,"date":"2023-02-14T13:56:50","date_gmt":"2023-02-14T16:56:50","guid":{"rendered":"https:\/\/corrientesdetarde.com\/?p=40505"},"modified":"2023-02-14T13:56:55","modified_gmt":"2023-02-14T16:56:55","slug":"escandalo-en-concordia-aparecio-un-video-en-donde-se-ve-al-intendente-manoseando-a-una-chica","status":"publish","type":"post","link":"https:\/\/corrientesdetarde.com\/index.php\/politica\/escandalo-en-concordia-aparecio-un-video-en-donde-se-ve-al-intendente-manoseando-a-una-chica\/","title":{"rendered":"Esc\u00e1ndalo en Concordia: apareci\u00f3 un video en donde se ve al intendente manoseando a una chica"},"content":{"rendered":"\n<h2 class=\"wp-block-heading\">Las im\u00e1genes comprometen a Enrique Cresto, quien este martes asegur\u00f3 que las im\u00e1genes fueron \u201ceditadas intencionalmente\u201d<\/h2>\n\n\n\n<figure class=\"wp-block-video\"><video controls src=\"https:\/\/corrientesdetarde.com\/wp-content\/uploads\/2023\/02\/Video-sin-titulo-\u2010-Hecho-con-Clipchamp-32.mp4\"><\/video><\/figure>\n\n\n\n<p><strong>Enrique Cresto<\/strong>, intendente de la ciudad de Concordia, Entre R\u00edos, se encuentra bajo la lupa por el video que se viraliz\u00f3 en redes sociales y lo muestra&nbsp;<strong>manoseando a una joven<\/strong>&nbsp;durante una noche de carnaval.<\/p>\n\n\n\n<p>Hoy, en medio de las cr\u00edticas y la repercusi\u00f3n que tuvieron las im\u00e1genes, el funcionario oficialista emiti\u00f3 un extenso comunicado en el que asegur\u00f3 que la filmaci\u00f3n fue editada y difundida&nbsp;<strong>\u201ccon evidente intencionalidad\u201d<\/strong>.<\/p>\n\n\n\n<p>La comprometedora grabaci\u00f3n, compartida el pasado domingo por el periodista Luis Gasulla en su cuenta de Twitter, muestra al intendente Cresto dialogando con una joven que luc\u00eda un vestido negro. Tras intercambiar algunas palabras, ambos se saludan y \u00e9l&nbsp;<strong>desliza su mano derecha hasta los gl\u00fateos de la mujer<\/strong>. Luego, como si nada hubiera pasado, contin\u00faa dialogando con la chica.<\/p>\n\n\n\n<p>Al notar la enorme repercusi\u00f3n de su publicaci\u00f3n, el citado periodista subi\u00f3 ayer una foto en la que Cresto aparece caminando junto a la misma se\u00f1orita, esta vez&nbsp;<strong>tom\u00e1ndola del cuello<\/strong>&nbsp;mientras se trasladaban por la pista central del cors\u00f3dromo. La mujer, cuya identidad y edad se desconocen, no se expres\u00f3 p\u00fablicamente sobre el hecho.<\/p>\n\n\n\n<p>\u201cEn Entre R\u00edos se est\u00e1 hablando del video que publiqu\u00e9 aqu\u00ed anoche. Aqu\u00ed la fotograf\u00eda de frente para que no queden dudas. Pas\u00f3 en los festejos de carnaval. Colegas de Concordia aseguran que no les sorprende&#8230;\u201d, escribi\u00f3 Gasulla en su posteo.<\/p>\n\n\n\n<p><img loading=\"lazy\" decoding=\"async\" alt=\"Tras el video inicial, una foto muestra el momento en el que Enrique Cresto camina con la misma joven por el cors\u00f3dromo de Concordia. \" height=\"2960\" width=\"1920\" class=\"\" src=\"https:\/\/cloudfront-us-east-1.images.arcpublishing.com\/infobae\/OLCNMYSE3FGB3KLHKADEVX6VZU.JPG\" srcset=\"https:\/\/www.infobae.com\/new-resizer\/bquVftsdoVhjgH00RvDhDCCP4KY=\/420x630\/filters:format(webp):quality(85)\/cloudfront-us-east-1.images.arcpublishing.com\/infobae\/OLCNMYSE3FGB3KLHKADEVX6VZU.JPG 420w,https:\/\/www.infobae.com\/new-resizer\/azUjt0IbzsaPKkEuIAYpbsEJXKQ=\/768x1152\/filters:format(webp):quality(85)\/cloudfront-us-east-1.images.arcpublishing.com\/infobae\/OLCNMYSE3FGB3KLHKADEVX6VZU.JPG 768w,https:\/\/www.infobae.com\/new-resizer\/z4G3tSPqxZo3Gs5rGgGmUrLxng0=\/992x1488\/filters:format(webp):quality(85)\/cloudfront-us-east-1.images.arcpublishing.com\/infobae\/OLCNMYSE3FGB3KLHKADEVX6VZU.JPG 992w,https:\/\/www.infobae.com\/new-resizer\/u3CuvatoVRRs0n4Q7QREEYvZLWc=\/1200x1800\/filters:format(webp):quality(85)\/cloudfront-us-east-1.images.arcpublishing.com\/infobae\/OLCNMYSE3FGB3KLHKADEVX6VZU.JPG 1200w\">Tras el video inicial, una foto muestra el momento en el que Enrique Cresto camina con la misma joven por el cors\u00f3dromo de Concordia.<\/p>\n\n\n\n<p>Cresto fue blanco de fuertes cr\u00edticas. Desde el Comit\u00e9 Departamental de la Uni\u00f3n C\u00edvica Radical (UCR) exigieron que Cresto salga a aclarar la pol\u00e9mica situaci\u00f3n. \u201cEs imprescindible que se salga a aclarar oficialmente esta situaci\u00f3n. Merece dar una explicaci\u00f3n al respecto\u201d, consider\u00f3 ayer&nbsp;<strong>Anal\u00eda Cardoso<\/strong>, presidente del Comit\u00e9 Departamental de la UCR en Concordia, durante una entrevista para Telenoche (El Trece).<\/p>\n\n\n\n<p>En la misma l\u00ednea se expres\u00f3 la concejal&nbsp;<strong>Noem\u00ed Redolfi<\/strong>, quien no tiene dudas de lo que expone la filmaci\u00f3n. \u201cEl video muestra c\u00f3mo el se\u00f1or intendente baja la mano y toca los gl\u00fateos de la se\u00f1orita\u201d, sostuvo en di\u00e1logo con el citado noticiero.<\/p>\n\n\n\n<p>El colectivo Periodistas Feministas de Entre R\u00edos emiti\u00f3 ayer un comunicado en el que aseguran que la joven manoseada por Cresto \u201csufri\u00f3 una abierta expresi\u00f3n de la violencia de g\u00e9nero\u201d.<\/p>\n\n\n\n<p>\u201cPeriodistas Feministas de Entre R\u00edos manifestamos nuestro repudio ante las im\u00e1genes que han circulado en las redes donde se ve al intendente de la ciudad de Concordia, Enrique Cresto, manosear a una joven cronista period\u00edstica en el carnaval de esa localidad\u201d, reza el comunicado citado por Radio 2820.<\/p>\n\n\n\n<p>A continuaci\u00f3n, subrayan: \u201cCreemos que las y los dirigentes, ya sean pol\u00edticos, culturales, deportivos, tienen la obligaci\u00f3n de estar a la altura de las circunstancias en virtud de los nuevos derechos alcanzados. La&nbsp;<strong>vulneraci\u00f3n de los cuerpos<\/strong>&nbsp;es algo repudiable y m\u00e1s a\u00fan si como en este caso se trata de una autoridad pol\u00edtica, cuya consideraci\u00f3n refuerza la idea del poder que un l\u00edder tiene en raz\u00f3n de su funci\u00f3n. Esto adem\u00e1s sucede cuando por estos d\u00edas en Entre R\u00edos se est\u00e1 juzgando a otro dirigente -Fabi\u00e1n Constantino (PJ)- intendente de la localidad de Gilbert, por graves denuncias sobre abuso sexual\u201d.<\/p>\n\n\n\n<p>\u201cLos tiempos han cambiado y aquello que antes era \u2018tolerado\u2019 o socialmente \u2018aceptado\u2019 claramente hoy sabemos que es una abierta expresi\u00f3n de la violencia de g\u00e9nero ejercida hacia mujeres, adolescentes, ni\u00f1as y ni\u00f1os. Existe una nueva consideraci\u00f3n para con nuestros cuerpos y nuestros espacios. Las justificaciones solo promueven la impunidad en la que se suelen cometer estos hechos. Entendemos que la joven nada tiene que explicar al respecto y pedimos se reserve y proteja su identidad\u201d, concluye el mensaje.<\/p>\n\n\n\n<p>Si bien en un principio trascendi\u00f3 que la mujer que hablaba con Cresto era una periodista, la Municipalidad de Concordia dio otra versi\u00f3n: dijo que se trata de una mujer que salt\u00f3 el vallado e ingres\u00f3 al cors\u00f3dromo para sacarse una foto con el intendente Cresto.<\/p>\n\n\n\n<p>De acuerdo a lo que se puede observar en la transmisi\u00f3n oficial de los Carnavales de Concordia a trav\u00e9s de la radio p\u00fablica de esa ciudad,&nbsp;<em>Radio Ciudadana<\/em>, de donde se extrajo el recorte de la pol\u00e9mica, la joven parece aprovechar el momento en el que Cresto termina de brindar una entrevista para acercarse y pedir una foto.<\/p>\n\n\n\n<p>Tras tomar una selfie inicial que evidentemente no la convenci\u00f3, la mujer le pidi\u00f3 a otra persona que le saque m\u00e1s fotos junto al funcionario. Satisfecha con las nuevas tomas, se despide del intendente, se acerca a un costado de la pista y es asistida para pasar por arriba de los carteles y regresar a las gradas.<\/p>\n\n\n\n<h2 class=\"wp-block-heading\">El descargo de Enrique Cresto<\/h2>\n\n\n\n<p>Tras la difusi\u00f3n de las im\u00e1genes que lo dejaron mal parado, Cresto reci\u00e9n hoy realiz\u00f3 un extenso descargo en el que dio su versi\u00f3n de los hechos y asegur\u00f3 que fue v\u00edctima de una maniobra intencional para comprometerlo en p\u00fablico.<\/p>\n\n\n\n<p>\u201cEn los \u00faltimos d\u00edas se viraliz\u00f3 un v\u00eddeo que &#8211; recortado y desde una determinada perspectiva &#8211; pretende mostrarme en una actitud indecorosa durante el \u00faltimo desfile del Carnaval de Concordia. El registro fue realizado cuando me entrevistaron para un canal de Paran\u00e1 y una espectadora se acerc\u00f3 a pedirme una fotograf\u00eda (como hacen tantas personas en cualquiera de los eventos y actividades en las que participamos). Acced\u00ed a su solicitud, la joven se ubic\u00f3 a mi lado, tomamos la fotograf\u00eda y luego volvi\u00f3 a su lugar. No ocurri\u00f3 nada m\u00e1s, como podr\u00e1n atestiguar las personas que &#8211; por encontrarse en este sector del cors\u00f3dromo &#8211; pudieron haber presenciado esta escena\u201d, comienza el descargo del mandatario local.<\/p>\n\n\n\n<p>A continuaci\u00f3n, Cresto subray\u00f3: \u201cEsta situaci\u00f3n fue tomada, desde atr\u00e1s, por uno de los medios que transmit\u00edan el Carnaval y hubo una persona que, con evidente&nbsp;<strong>intencionalidad<\/strong>, vio la oportunidad de editar y difundir un corte de esta secuencia se\u00f1alando que hubo un&nbsp;<strong>roce indebido<\/strong>&nbsp;de mi parte. Al respecto, afirmo y reitero que esto no fue as\u00ed y que nada de lo que se pretende dar a entender con este video corresponde a la realidad\u201d.<\/p>\n\n\n\n<p><img loading=\"lazy\" decoding=\"async\" alt=\"Enrique Cresto difundi\u00f3 un extenso comunicado en su cuenta de Facebook para criticar el video en el que aparece manoseando a una chica que le hab\u00eda pedido una foto en el cors\u00f3dromo de Concordia. \" height=\"1080\" width=\"1920\" class=\"\" src=\"https:\/\/cloudfront-us-east-1.images.arcpublishing.com\/infobae\/UKOQ26TSMNED3H2N5NCTYAUBNU.jpg\" srcset=\"https:\/\/www.infobae.com\/new-resizer\/JZjnT7tZIWnIYNZWYg9pU99UeWQ=\/420x236\/filters:format(webp):quality(85)\/cloudfront-us-east-1.images.arcpublishing.com\/infobae\/UKOQ26TSMNED3H2N5NCTYAUBNU.jpg 420w,https:\/\/www.infobae.com\/new-resizer\/0d4K0zapnvvirEAjeuYwmxAjf00=\/768x432\/filters:format(webp):quality(85)\/cloudfront-us-east-1.images.arcpublishing.com\/infobae\/UKOQ26TSMNED3H2N5NCTYAUBNU.jpg 768w,https:\/\/www.infobae.com\/new-resizer\/TY1jmGetHdwYJf4aKyUTUnSb_1w=\/992x558\/filters:format(webp):quality(85)\/cloudfront-us-east-1.images.arcpublishing.com\/infobae\/UKOQ26TSMNED3H2N5NCTYAUBNU.jpg 992w,https:\/\/www.infobae.com\/new-resizer\/1q0N0w-BHWLzacg8LibqaMo73-w=\/1200x675\/filters:format(webp):quality(85)\/cloudfront-us-east-1.images.arcpublishing.com\/infobae\/UKOQ26TSMNED3H2N5NCTYAUBNU.jpg 1200w,https:\/\/www.infobae.com\/new-resizer\/zluG4M08ppjE9pp4p0fC-a78q38=\/1440x810\/filters:format(webp):quality(85)\/cloudfront-us-east-1.images.arcpublishing.com\/infobae\/UKOQ26TSMNED3H2N5NCTYAUBNU.jpg 1440w\">Enrique Cresto difundi\u00f3 un extenso comunicado en su cuenta de Facebook para criticar el video en el que aparece manoseando a una chica que le hab\u00eda pedido una foto en el cors\u00f3dromo de Concordia.<\/p>\n\n\n\n<p>En otro tramo de su comunicado, el intendente concordiense manifest\u00f3 su solidaridad y \u201cacompa\u00f1amiento\u201d con la joven que aparece junto a \u00e9l en el video de la pol\u00e9mica. \u201cConsidero tambi\u00e9n que deber\u00edan repensar su accionar las personas que propagan este video, sin tomar en cuenta que exponen p\u00fablicamente a la joven que aparece en el mismo. Con ella, me solidarizo y le expreso todo mi acompa\u00f1amiento, as\u00ed como tambi\u00e9n a su familia. Lamento que tengan que atravesar esta situaci\u00f3n y me preocupa profundamente que, en su af\u00e1n por montar un esc\u00e1ndalo y explotar esta \u2018fake news\u2019, haya medios y personas que perjudiquen de esta manera a una familia concordiense, sin medir da\u00f1os ni consecuencias\u201d, lament\u00f3.<\/p>\n\n\n\n<p>\u201cPor otra parte, s\u00e9 muy bien que en la medida que avancemos en este proceso electoral habr\u00e1 operaciones, ataques y acusaciones de todo tipo. En cada campa\u00f1a, lo primero que ponen en marcha nuestros adversarios son las m\u00e1quinas de&nbsp;<strong>mentir, difamar y calumniar<\/strong>\u201d, concluy\u00f3 Cresto, en alusi\u00f3n a su candidatura a gobernador de la provincia de Entre R\u00edos.<\/p>\n","protected":false},"excerpt":{"rendered":"<p>Las im\u00e1genes comprometen a Enrique Cresto, quien este martes asegur\u00f3 que las im\u00e1genes fueron \u201ceditadas intencionalmente\u201d Enrique Cresto, intendente de la ciudad de Concordia, Entre R\u00edos, se encuentra bajo la&hellip; <\/p>\n","protected":false},"author":1,"featured_media":40507,"comment_status":"closed","ping_status":"open","sticky":false,"template":"","format":"standard","meta":{"footnotes":""},"categories":[3],"tags":[],"class_list":["post-40505","post","type-post","status-publish","format-standard","has-post-thumbnail","hentry","category-politica"],"_links":{"self":[{"href":"https:\/\/corrientesdetarde.com\/index.php\/wp-json\/wp\/v2\/posts\/40505","targetHints":{"allow":["GET"]}}],"collection":[{"href":"https:\/\/corrientesdetarde.com\/index.php\/wp-json\/wp\/v2\/posts"}],"about":[{"href":"https:\/\/corrientesdetarde.com\/index.php\/wp-json\/wp\/v2\/types\/post"}],"author":[{"embeddable":true,"href":"https:\/\/corrientesdetarde.com\/index.php\/wp-json\/wp\/v2\/users\/1"}],"replies":[{"embeddable":true,"href":"https:\/\/corrientesdetarde.com\/index.php\/wp-json\/wp\/v2\/comments?post=40505"}],"version-history":[{"count":1,"href":"https:\/\/corrientesdetarde.com\/index.php\/wp-json\/wp\/v2\/posts\/40505\/revisions"}],"predecessor-version":[{"id":40508,"href":"https:\/\/corrientesdetarde.com\/index.php\/wp-json\/wp\/v2\/posts\/40505\/revisions\/40508"}],"wp:featuredmedia":[{"embeddable":true,"href":"https:\/\/corrientesdetarde.com\/index.php\/wp-json\/wp\/v2\/media\/40507"}],"wp:attachment":[{"href":"https:\/\/corrientesdetarde.com\/index.php\/wp-json\/wp\/v2\/media?parent=40505"}],"wp:term":[{"taxonomy":"category","embeddable":true,"href":"https:\/\/corrientesdetarde.com\/index.php\/wp-json\/wp\/v2\/categories?post=40505"},{"taxonomy":"post_tag","embeddable":true,"href":"https:\/\/corrientesdetarde.com\/index.php\/wp-json\/wp\/v2\/tags?post=40505"}],"curies":[{"name":"wp","href":"https:\/\/api.w.org\/{rel}","templated":true}]}}