{"id":40959,"date":"2023-02-16T08:58:53","date_gmt":"2023-02-16T11:58:53","guid":{"rendered":"https:\/\/corrientesdetarde.com\/?p=40959"},"modified":"2023-02-16T08:58:55","modified_gmt":"2023-02-16T11:58:55","slug":"unicef-advierte-que-2-de-cada-3-ninos-en-argentina-son-pobres","status":"publish","type":"post","link":"https:\/\/corrientesdetarde.com\/index.php\/nacionales\/unicef-advierte-que-2-de-cada-3-ninos-en-argentina-son-pobres\/","title":{"rendered":"UNICEF advierte que 2 de cada 3 ni\u00f1os en Argentina son pobres"},"content":{"rendered":"\n<p>Dos de cada tres ni\u00f1as y ni\u00f1os de Argentina (66%) son pobres por ingresos o est\u00e1n privados de derechos b\u00e1sicos, como el acceso a la educaci\u00f3n, a una vivienda y a condiciones de agua o h\u00e1bitat seguros, seg\u00fan un informe presentado hoy por Unicef y realizado en base a datos oficiales de la Encuesta Permanente de Hogares (EPH) del Indec.\u00a0<\/p>\n\n\n\n<p>&#8220;La magnitud y persistencia de la pobreza generan la necesidad urgente de proteger las partidas presupuestarias destinadas a infancia y adolescencia&#8221;, afirm\u00f3 Luisa Brumana, representante de Unicef Argentina, durante la presentaci\u00f3n realizada en las oficinas de la organizaci\u00f3n en el barrio porte\u00f1o de Retiro.<\/p>\n\n\n\n<p>Seg\u00fan el informe, son aproximadamente 8.800.000 millones las ni\u00f1as y los ni\u00f1os que experimentan carencias monetarias o de algunos de los derechos fundamentales considerados en la EPH.<\/p>\n\n\n\n<p>Adem\u00e1s, 3.700.000 millones enfrentan ambos tipos de privaciones simult\u00e1neamente: es decir, 3 de cada 10 chicas y chicos viven en hogares con ingresos insuficientes y, al mismo tiempo, tienen al menos un derecho b\u00e1sico vulnerado.<\/p>\n\n\n\n<p>&#8220;Esta situaci\u00f3n, que refleja el n\u00facleo m\u00e1s duro de la pobreza, se mantiene desde hace m\u00e1s de seis a\u00f1os&#8221;, se advierte en el estudio denominado &#8220;Pobreza monetaria y privaciones no monetarias en ni\u00f1as, ni\u00f1os y adolescentes en Argentina&#8221;.<\/p>\n","protected":false},"excerpt":{"rendered":"<p>Dos de cada tres ni\u00f1as y ni\u00f1os de Argentina (66%) son pobres por ingresos o est\u00e1n privados de derechos b\u00e1sicos, como el acceso a la educaci\u00f3n, a una vivienda y&hellip; <\/p>\n","protected":false},"author":4,"featured_media":40969,"comment_status":"closed","ping_status":"open","sticky":false,"template":"","format":"standard","meta":{"footnotes":""},"categories":[10],"tags":[],"class_list":["post-40959","post","type-post","status-publish","format-standard","has-post-thumbnail","hentry","category-nacionales"],"_links":{"self":[{"href":"https:\/\/corrientesdetarde.com\/index.php\/wp-json\/wp\/v2\/posts\/40959","targetHints":{"allow":["GET"]}}],"collection":[{"href":"https:\/\/corrientesdetarde.com\/index.php\/wp-json\/wp\/v2\/posts"}],"about":[{"href":"https:\/\/corrientesdetarde.com\/index.php\/wp-json\/wp\/v2\/types\/post"}],"author":[{"embeddable":true,"href":"https:\/\/corrientesdetarde.com\/index.php\/wp-json\/wp\/v2\/users\/4"}],"replies":[{"embeddable":true,"href":"https:\/\/corrientesdetarde.com\/index.php\/wp-json\/wp\/v2\/comments?post=40959"}],"version-history":[{"count":1,"href":"https:\/\/corrientesdetarde.com\/index.php\/wp-json\/wp\/v2\/posts\/40959\/revisions"}],"predecessor-version":[{"id":40971,"href":"https:\/\/corrientesdetarde.com\/index.php\/wp-json\/wp\/v2\/posts\/40959\/revisions\/40971"}],"wp:featuredmedia":[{"embeddable":true,"href":"https:\/\/corrientesdetarde.com\/index.php\/wp-json\/wp\/v2\/media\/40969"}],"wp:attachment":[{"href":"https:\/\/corrientesdetarde.com\/index.php\/wp-json\/wp\/v2\/media?parent=40959"}],"wp:term":[{"taxonomy":"category","embeddable":true,"href":"https:\/\/corrientesdetarde.com\/index.php\/wp-json\/wp\/v2\/categories?post=40959"},{"taxonomy":"post_tag","embeddable":true,"href":"https:\/\/corrientesdetarde.com\/index.php\/wp-json\/wp\/v2\/tags?post=40959"}],"curies":[{"name":"wp","href":"https:\/\/api.w.org\/{rel}","templated":true}]}}