{"id":41189,"date":"2023-02-16T20:34:08","date_gmt":"2023-02-16T23:34:08","guid":{"rendered":"https:\/\/corrientesdetarde.com\/?p=41189"},"modified":"2023-02-16T20:34:13","modified_gmt":"2023-02-16T23:34:13","slug":"mandiyu-nos-muestra-su-nueva-camiseta","status":"publish","type":"post","link":"https:\/\/corrientesdetarde.com\/index.php\/deportes\/mandiyu-nos-muestra-su-nueva-camiseta\/","title":{"rendered":"Mandiy\u00fa nos muestra su nueva camiseta"},"content":{"rendered":"\n<p>En la pr\u00e1ctica futbol\u00edstica de la semana, el entrenador del Albo, Victor Galarza, plant\u00f3 el posible equipo para visitar la &#8220;Perla del Paran\u00e1&#8221;.<\/p>\n\n\n\n<p>Axel Corradini; El\u00edas Gonz\u00e1lez, Facundo Sosa, Hern\u00e1n Coronel, Jos\u00e9 Monz\u00f3n; Gonzalo Gonz\u00e1lez, Ariel Romero, Dario Romero, Juan Gonz\u00e1lez; Carlos Rol\u00f3n y Lautaron Mendoza. Estos fueron los 11 elegidos por Galarza en la pr\u00e1ctica futbol\u00edstica de la semana.<\/p>\n\n\n\n<p>Para esta temporada, Mandiy\u00fa incorpor\u00f3 un total de 16 jugadores entre lo que se destaca el arquero Rodrigo Canteros (Hurac\u00e1n de Goya); los defensores El\u00edas Gonz\u00e1lez (Lipton), Hern\u00e1n Coronel (Ferroviario), los volantes Ariel Romero (Lipton), Juan Gonz\u00e1lez (Boca Unidos), Gonzalo Gonz\u00e1lez (Lipton), Alexis Fleitas (Sacachispa), Mat\u00edas G\u00f3mez (Ferroviario), entre otros.<br>&nbsp;<br>Para el encuentro ante Deportivo Empedrado, se permitir\u00e1 el ingreso del p\u00fablico visitante que tendr\u00e1 designado una tribuna para aproximadamente 500 personas. El valor de la entrada ser\u00e1 de $500. Se prohibir\u00e1 el ingreso al estadio con bebida alcoh\u00f3lica y objetos corto punzante. Se espera que la hinchada del Albo acompa\u00f1e en buen n\u00famero.<\/p>\n\n\n\n<p>En cuanto a la local\u00eda, desde la dirigencia algodonera informaron que est\u00e1n avanzadas las negociaciones para que Mandiy\u00fa haga las veces de local en el estadio de Hurac\u00e1n durante el Provincial.<\/p>\n\n\n\n<p>A su vez, desde la comisi\u00f3n directiva invitan a los medios de comunicaci\u00f3n a la presentaci\u00f3n de la indumentaria para la temporada 2023.<\/p>\n\n\n\n<p>El encuentro ser\u00e1 este viernes 17 de febrero a partir de las 20 horas, en el restaurante Leviux (Yrigoyen 1439)<\/p>\n\n\n\n<p>EL PLANTEL<\/p>\n\n\n\n<p>ARQUEROS:&nbsp;<br>Axel Corradini<br>Rodrigo Canteros (Refuerzo)<br>Facundo Vel\u00e1zquez<\/p>\n\n\n\n<p>DEFENSORES<br>Manuel Barrios Alfonso&nbsp;<br>Jorge Almir\u00f3n (Refuerzo)<br>Santiago Herrera&nbsp;<br>Jos\u00e9 Monz\u00f3n<br>El\u00edas Gonz\u00e1lez (Refuerzo)<br>Facundo Sosa<br>Hern\u00e1n Coronel (Refuerzo)<br>Alan Vargas<br>Jorge Ledesma (Refuerzo)<br>Germ\u00e1n Escobar<br>Fabio Mi\u00f1o&nbsp;<br>Rodrigo Almir\u00f3n (Refuerzo)<\/p>\n\n\n\n<p>VOLANTES&nbsp;<br>Alejandro L\u00f3pez (Refuerzo)<br>Mat\u00edas G\u00f3mez (Refuerzo)<br>&nbsp;Oscar Urbina,&nbsp;<br>Alexis Fleitas (Refuerzo)<br>Ariel Blanco<br>Agust\u00edn Pelozo (Refuerzo)<br>Agust\u00edn S\u00e1nchez (Refuerzo)<br>Ariel Romero (Refuerzo)<br>Dario Romero&nbsp;<\/p>\n\n\n\n<p>DELANTEROS<br>Lautaro Mendoza&nbsp;<br>Carlos Rol\u00f3n<br>Mariano Gim\u00e9nez &nbsp;<br>Iv\u00e1n Mosqueda (Refuerzo)<br>Guillermo Barreto<br>Fabricio Saucedo<\/p>\n","protected":false},"excerpt":{"rendered":"<p>En la pr\u00e1ctica futbol\u00edstica de la semana, el entrenador del Albo, Victor Galarza, plant\u00f3 el posible equipo para visitar la &#8220;Perla del Paran\u00e1&#8221;. Axel Corradini; El\u00edas Gonz\u00e1lez, Facundo Sosa, Hern\u00e1n&hellip; <\/p>\n","protected":false},"author":1,"featured_media":41193,"comment_status":"closed","ping_status":"open","sticky":false,"template":"","format":"standard","meta":{"footnotes":""},"categories":[4],"tags":[],"class_list":["post-41189","post","type-post","status-publish","format-standard","has-post-thumbnail","hentry","category-deportes"],"_links":{"self":[{"href":"https:\/\/corrientesdetarde.com\/index.php\/wp-json\/wp\/v2\/posts\/41189","targetHints":{"allow":["GET"]}}],"collection":[{"href":"https:\/\/corrientesdetarde.com\/index.php\/wp-json\/wp\/v2\/posts"}],"about":[{"href":"https:\/\/corrientesdetarde.com\/index.php\/wp-json\/wp\/v2\/types\/post"}],"author":[{"embeddable":true,"href":"https:\/\/corrientesdetarde.com\/index.php\/wp-json\/wp\/v2\/users\/1"}],"replies":[{"embeddable":true,"href":"https:\/\/corrientesdetarde.com\/index.php\/wp-json\/wp\/v2\/comments?post=41189"}],"version-history":[{"count":1,"href":"https:\/\/corrientesdetarde.com\/index.php\/wp-json\/wp\/v2\/posts\/41189\/revisions"}],"predecessor-version":[{"id":41196,"href":"https:\/\/corrientesdetarde.com\/index.php\/wp-json\/wp\/v2\/posts\/41189\/revisions\/41196"}],"wp:featuredmedia":[{"embeddable":true,"href":"https:\/\/corrientesdetarde.com\/index.php\/wp-json\/wp\/v2\/media\/41193"}],"wp:attachment":[{"href":"https:\/\/corrientesdetarde.com\/index.php\/wp-json\/wp\/v2\/media?parent=41189"}],"wp:term":[{"taxonomy":"category","embeddable":true,"href":"https:\/\/corrientesdetarde.com\/index.php\/wp-json\/wp\/v2\/categories?post=41189"},{"taxonomy":"post_tag","embeddable":true,"href":"https:\/\/corrientesdetarde.com\/index.php\/wp-json\/wp\/v2\/tags?post=41189"}],"curies":[{"name":"wp","href":"https:\/\/api.w.org\/{rel}","templated":true}]}}