{"id":41214,"date":"2023-02-16T23:20:13","date_gmt":"2023-02-17T02:20:13","guid":{"rendered":"https:\/\/corrientesdetarde.com\/?p=41214"},"modified":"2023-02-16T23:20:16","modified_gmt":"2023-02-17T02:20:16","slug":"corrientes-espectacular-cierre-de-los-carnavales-barriales","status":"publish","type":"post","link":"https:\/\/corrientesdetarde.com\/index.php\/espectaculos\/corrientes-espectacular-cierre-de-los-carnavales-barriales\/","title":{"rendered":"Corrientes: Espectacular cierre de los Carnavales Barriales"},"content":{"rendered":"\n<p>&#8220;Las cinco jornadas iniciales y este desfile final tuvieron un lleno total y eso marca el \u00e9xito de esta expresi\u00f3n cultural tan arraigada entre los correntinos&#8221;, destac\u00f3 a modo de balance el intendente Eduardo Tassano. La gran fiesta popular, que este a\u00f1o regres\u00f3 a su formato inicial de recorrer los barrios capitalinos, baj\u00f3 el tel\u00f3n de la edici\u00f3n 2023 con Ar\u00e1 Ber\u00e1 y Samba Total como invitadas que engalanaron la velada.<\/p>\n\n\n\n<p>Desde el primer desfile, el 26 de enero, esta fiesta popular recorri\u00f3 los barrios Ba\u00f1ado Norte, Industrial, 17 de Agosto, Mil Viviendas y Juan de Vera, a lo que se sum\u00f3 en medio una fecha m\u00e1s en el Laguna Brava, para finalmente cerrar el mi\u00e9rcoles (tras la postergaci\u00f3n del martes por tormentas) en el majestuoso escenario de la Costanera Sur.<\/p>\n\n\n\n<p><br>As\u00ed, en una multitudinaria noche se baj\u00f3 el tel\u00f3n de la edici\u00f3n 2023 sobre la avenida &#8220;Juan Pablo II&#8221;, con un recorrido que fue desde su intersecci\u00f3n con la calle Lamadrid hasta su vinculaci\u00f3n con la avenida 3 de Abril, segmento por el que desfilaron las 25 agrupaciones participantes, entre comparsas y agrupaciones humor\u00edsticas y musicales.<\/p>\n\n\n\n<p>Ar\u00e1 Por\u00e1, Aram\u00fa, Bella Esperanza, Belleza Unida, Camba Cu\u00e1 Show, Fantas\u00eda, Imperial, Mit\u00e1 Jorh\u00fa, \u00d1and\u00e9 Mbaret\u00e9, Osiris, Porasy, Renacer, Sue\u00f1os de Carnaval, Tarag\u00fc\u00ed Por\u00e1, Yas\u00ed Por\u00e1, Rub\u00ed Show, Samba Pasi\u00f3n, Sarav\u00e1, Porto Carioca, La Jaula de las Locas, Las Traviesas, Los Dandys, Payasos del Cacique, Mit\u00e1 Por\u00e1 y Dr\u00e1cula, ofrecieron un despliegue \u00fanico de color y entusiasmo digno para la noche cierre.&nbsp;<\/p>\n\n\n\n<p>En esta oportunidad, dos grandes referentes de los Carnavales Oficiales estuvieron como invitadas: Ar\u00e1 Ber\u00e1 y Samba Total. En este sentido, vale recordar que el martes anterior se luci\u00f3 Sapucay en las Mil Viviendas; en tanto que el jueves pasado desfilaron Imperio Bahiano e It\u00e1 Puc\u00fa de Mercedes en el escenario del Juan de Vera.<\/p>\n\n\n\n<p>&#8220;Sin dudas que estamos ante el cierre de una fiesta que disfrutaron todos los ciudadanos y tambi\u00e9n los turistas. Las cinco jornadas iniciales de los carnavales barriales, y este desfile final tuvieron un lleno total y eso marca el \u00e9xito de esta expresi\u00f3n cultural tan arraigada entre los correntinos&#8221;, afirm\u00f3 el intendente Eduardo Tassano durante la velada final de la celebraci\u00f3n en la Costanera Sur.<\/p>\n\n\n\n<p>En el palco oficial de esta jornada de cierre, junto a Tassano estuvieron el viceintendente, Emilio Lanari; el secretario de Coordinaci\u00f3n de Gobierno, Hugo Calvano; el de Cultura y Educaci\u00f3n, Jos\u00e9 Sand y el de Turismo y Deportes, Juan Enrique Braillard Poccard, entre otros funcionarios, concejales e invitados especiales.<\/p>\n\n\n\n<p>EL CARNAVAL, EN LAS VENAS DE LOS CORRENTINOS<br>&#8220;Esta expresi\u00f3n cultural no es m\u00e1s que el origen mismo de la pasi\u00f3n carnavalera de Corrientes, es una fiesta que surgi\u00f3 en la calle Jun\u00edn, en la costanera General San Mart\u00edn y en la avenida 3 de Abril y que nos propusimos volver a instalar en cada barrio en el que se respira carnaval&#8221;, consider\u00f3 el intendente, y agreg\u00f3 al respecto que &#8220;cada rinc\u00f3n de la ciudad, a trav\u00e9s de sus comparseros, est\u00e1 representado en esta celebraci\u00f3n&#8221;.<\/p>\n\n\n\n<p>El \u00e9xito del evento, con gran asistencia de p\u00fablico en cada una de sus noches, fue otro los aspectos que valor\u00f3 el intendente. &#8220;De nuestra parte pusimos todo para que el evento sea de primer nivel, tanto para los comparseros, como para el p\u00fablico que disfrut\u00f3 en cada uno de los barrios. Al mismo tiempo generamos una suerte de reencuentro de las grandes comparsas y agrupaciones en las calles con la gente; eso se vivi\u00f3 en las noches que nos acompa\u00f1aron Sapucay e Impero Bahiano; y hoy, con Ar\u00e1 Ber\u00e1 y Samba Total&#8221;, resalt\u00f3.<br>&nbsp;<br>PROVINCIA-MUNICIPIO Y UN SOLO CARNAVAL<br>&#8220;Con el gobernador Gustavo Vald\u00e9s entendemos que el carnaval es uno solo, es una carta de presentaci\u00f3n de Corrientes, por eso desde la Municipalidad aunamos criterios y sumamos, en los barrios, a las grandes exponentes de esta fiesta. Se hizo en las primeras noches y hoy se replica con la presencia de Ar\u00e1 Ber\u00e1 y Samba Total&#8221;, remarc\u00f3 Tassano, al tiempo que asegur\u00f3:<\/p>\n\n\n\n<p>&#8220;Los carnavales barriales son una alternativa tur\u00edstica m\u00e1s, y al mismo tiempo un motor para la econom\u00eda local&#8221;.<br>&nbsp;<br>REVALORIZAR LOS CORSOS EN LOS BARRIOS<br>&#8220;Hay una alegr\u00eda impresionante: creo que fue un a\u00f1o exitos\u00edsimo para los carnavales barriales que, precisamente, volvieron a los barrios y con un cierre multitudinario en la costanera&#8221;, manifest\u00f3 por su parte el viceintendente Lanari.<\/p>\n\n\n\n<p>Al respecto, sostuvo: &#8220;Revalorizar el carnaval barrial y sobre todo que se viva en los distintos barrios es el objetivo de la gesti\u00f3n de Eduardo Tassano para este evento cultural y tur\u00edstico. El carnaval es Corrientes y tiene que estar en los barrios&#8221;.<br>&nbsp;<br>UNA EDICI\u00d3N QUE QUEDAR\u00c1 EN LA MEMORIA<br>&#8220;Llegamos a la sexta noche, la \u00faltima velada, que se resume en alegr\u00eda y mucha pasi\u00f3n. Sin dudas, una edici\u00f3n que va a quedar grabada en la memoria de los correntinos&#8221;, dijo por su parte el secretario de Cultura y Educaci\u00f3n municipal, Jos\u00e9 Sand.<\/p>\n\n\n\n<p>Al respecto agreg\u00f3: &#8220;desde la Municipalidad trabajamos con los comparseros, con los dirigentes, pero del mismo modo hemos jerarquizado el carnaval sumando tecnolog\u00eda, pantallas, iluminaci\u00f3n y sonido, todo para que este espect\u00e1culo sea especial, m\u00e1gico. Y creo que lo logramos&#8221;.<\/p>\n\n\n\n<p>Sand tambi\u00e9n subray\u00f3 que &#8220;esta es una edici\u00f3n que se cierra con 25 agrupaciones y m\u00e1s de 2.000 comparseros, pero, sobre todo, hemos logrado que el carnaval sea uno solo, fusionando en cuatro noches del evento a comparsas de la talla de Ar\u00e1 Ber\u00e1, Sapucay o Samba Total&#8221;.<\/p>\n\n\n\n<p>&#8220;Somos la Capital Nacional del Carnaval, y por eso vamos a seguir trabajando para que tanto el Barrial, como el Oficial, sean atractivos tur\u00edsticos de la ciudad&#8221;, agreg\u00f3 finalmente el funcionario.<br>&nbsp;<br>EVENTO DINAMIZADOR DE LA ECONOM\u00cdA<br>&#8220;El balance es positivo, porque pudimos llevar adelante este gran espect\u00e1culo, como siempre, de manera itinerante, por los distintos barrios de la ciudad&#8221;, se\u00f1al\u00f3 el secretario de Coordinaci\u00f3n de Gobierno, Hugo Calvano, a la vez que resalt\u00f3: &#8220;Pudimos generar un movimiento econ\u00f3mico en esos barrios que fueron escenario de estos corsos barriales, porque adonde llega este evento tan masivo, popular, hay tambi\u00e9n actividad comercial, gastron\u00f3mica, en su entorno. Porque se dinamiza la econom\u00eda de los barrios y eso tambi\u00e9n lo celebra muchos los vecinos&#8221;.<\/p>\n\n\n\n<p>De igual manera, resalt\u00f3 que este evento hace que &#8220;para todos, el carnaval se viva en toda la ciudad, no solamente en el cors\u00f3dromo&#8221;.<br>&nbsp;<br>DISFRUTE DE VECINOS Y TURISTAS<br>Apostado en uno de los costados del cors\u00f3dromo, Augusto Alcar\u00e1z, un vecino de la ciudad, destac\u00f3 &#8220;el colorido espectacular de los corsos y las comparsas que est\u00e1n incre\u00edbles&#8221;.<br>&#8220;Siempre recomiendo el carnaval correntino&#8221;, dijo Augusto, quien cont\u00f3 tambi\u00e9n que fue comparsero en 1976 con Ar\u00e1 Ber\u00e1. &#8220;Siempre me gust\u00f3&#8221;, afirm\u00f3.<\/p>\n\n\n\n<p>En tanto que Raquel Villanueva, otra vecina de la ciudad, describi\u00f3: &#8220;Vinimos en familia y la estamos pasando excelente, felicitaciones a todas las comparsas, est\u00e1n todas muy lindas. Tambi\u00e9n esperamos ahora a las comparsas invitadas, que es una gran idea y hace m\u00e1s grande este espect\u00e1culo&#8221;.<\/p>\n\n\n\n<p>Muchos turistas tambi\u00e9n participaron de esta fiesta carnestolenda. &#8220;Vine desde Buenos Aires para ver este gran espect\u00e1culo que es fabuloso. Nada se compara a esto. Lo vivimos con mucha alegr\u00eda, mucha emoci\u00f3n y en familia&#8221;, dijo por su parte Pamela Lencina, espectadora que vino de visitas a la ciudad. &#8220;Es una gran fiesta popular y la recomiendo. Siempre digo: mi coraz\u00f3n es parte de Corrientes y no hay nada mejor que su carnaval&#8221;.<br>&nbsp;<br>FELICIDAD DE COMPARSERAS<br>Alejandra Sopl\u00e1n es una comparsera que integra la Agrupaci\u00f3n Fantas\u00eda y en la noche de cierre de los corsos barriales en Costanera Sur estaba celebrando su cumplea\u00f1os. &#8220;Antes de ingresar estaba un poco nerviosa, pero apenas pis\u00e9 la avenida se fueron todos los nervios&#8221;, admiti\u00f3 la mujer que ya lleva seis a\u00f1os participando de estos carnavales y en esta ocasi\u00f3n desfil\u00f3 con sus nietas.<\/p>\n\n\n\n<p>Tambi\u00e9n Antonella Segovia, de la Agrupaci\u00f3n Osiris, se mostr\u00f3 &#8220;muy emocionada, feliz, pero a la vez un poco triste porque los corsos terminan esta noche; pero bueno: \u00a1carnaval es todo el a\u00f1o!&#8221;, exclam\u00f3.<\/p>\n\n\n\n<p>La comparsera resalt\u00f3 adem\u00e1s que &#8220;este a\u00f1o estuvo muy bien organizado el corso barrial y estuvimos muy acompa\u00f1ados por la Municipalidad. Todo sali\u00f3 tan bien este a\u00f1o&#8221;, sintetiz\u00f3.<\/p>\n","protected":false},"excerpt":{"rendered":"<p>&#8220;Las cinco jornadas iniciales y este desfile final tuvieron un lleno total y eso marca el \u00e9xito de esta expresi\u00f3n cultural tan arraigada entre los correntinos&#8221;, destac\u00f3 a modo de&hellip; <\/p>\n","protected":false},"author":1,"featured_media":41231,"comment_status":"closed","ping_status":"open","sticky":false,"template":"","format":"standard","meta":{"footnotes":""},"categories":[19,22],"tags":[],"class_list":["post-41214","post","type-post","status-publish","format-standard","has-post-thumbnail","hentry","category-espectaculos","category-eventos"],"_links":{"self":[{"href":"https:\/\/corrientesdetarde.com\/index.php\/wp-json\/wp\/v2\/posts\/41214","targetHints":{"allow":["GET"]}}],"collection":[{"href":"https:\/\/corrientesdetarde.com\/index.php\/wp-json\/wp\/v2\/posts"}],"about":[{"href":"https:\/\/corrientesdetarde.com\/index.php\/wp-json\/wp\/v2\/types\/post"}],"author":[{"embeddable":true,"href":"https:\/\/corrientesdetarde.com\/index.php\/wp-json\/wp\/v2\/users\/1"}],"replies":[{"embeddable":true,"href":"https:\/\/corrientesdetarde.com\/index.php\/wp-json\/wp\/v2\/comments?post=41214"}],"version-history":[{"count":1,"href":"https:\/\/corrientesdetarde.com\/index.php\/wp-json\/wp\/v2\/posts\/41214\/revisions"}],"predecessor-version":[{"id":41232,"href":"https:\/\/corrientesdetarde.com\/index.php\/wp-json\/wp\/v2\/posts\/41214\/revisions\/41232"}],"wp:featuredmedia":[{"embeddable":true,"href":"https:\/\/corrientesdetarde.com\/index.php\/wp-json\/wp\/v2\/media\/41231"}],"wp:attachment":[{"href":"https:\/\/corrientesdetarde.com\/index.php\/wp-json\/wp\/v2\/media?parent=41214"}],"wp:term":[{"taxonomy":"category","embeddable":true,"href":"https:\/\/corrientesdetarde.com\/index.php\/wp-json\/wp\/v2\/categories?post=41214"},{"taxonomy":"post_tag","embeddable":true,"href":"https:\/\/corrientesdetarde.com\/index.php\/wp-json\/wp\/v2\/tags?post=41214"}],"curies":[{"name":"wp","href":"https:\/\/api.w.org\/{rel}","templated":true}]}}