{"id":41877,"date":"2023-02-20T11:05:30","date_gmt":"2023-02-20T14:05:30","guid":{"rendered":"https:\/\/corrientesdetarde.com\/?p=41877"},"modified":"2023-02-20T11:05:33","modified_gmt":"2023-02-20T14:05:33","slug":"las-razones-del-humo-que-cubre-la-ciudad","status":"publish","type":"post","link":"https:\/\/corrientesdetarde.com\/index.php\/informacion-general\/las-razones-del-humo-que-cubre-la-ciudad\/","title":{"rendered":"Las razones del humo que cubre la ciudad."},"content":{"rendered":"\n<h2 class=\"wp-block-heading\">El fen\u00f3meno se registra desde el domingo y continuar\u00e1 al menos hasta el martes.<\/h2>\n\n\n\n<p>Desde el domingo, los vecinos de la capital correntina reportaron inconvenientes para circular por las calles a consecuencia del humo provocado por los incendios forestales en el interior y en la provincia del Chaco.<br><br>El titular del Centro Operativo de Emergencias (COE) de Corrientes, Bruno Lovinson, explic\u00f3 que &#8220;el humo en la ciudad de Corrientes es parte del que llega desde la zona del arroyo Batel, entre Concepci\u00f3n y San Miguel, donde hay un incendio grande dentro de una zona de esteros y ba\u00f1ados&#8221;,<\/p>\n\n\n\n<p>En la madrugada del domingo, la ciudad de Corrientes comenz\u00f3 a cubrirse con la humareda blanca y olor a quemado, por &#8220;la direcci\u00f3n que tom\u00f3 el viento desde el sudeste, que arrastra no solo humo sino tambi\u00e9n part\u00edculas&#8221;, indic\u00f3 el funcionario.<\/p>\n\n\n\n<p>El humo registrado desde el domingo gener\u00f3 inconvenientes en la circulaci\u00f3n. Tambi\u00e9n se pudo sentir desde la madrugada del lunes con mayor espesura y generando inconvenientes para respirar.\u00a0 Seg\u00fan informaron,\u00a0 el fen\u00f3meno continuar\u00e1 al menos hasta el martes.<\/p>\n","protected":false},"excerpt":{"rendered":"<p>El fen\u00f3meno se registra desde el domingo y continuar\u00e1 al menos hasta el martes. Desde el domingo, los vecinos de la capital correntina reportaron inconvenientes para circular por las calles&hellip; <\/p>\n","protected":false},"author":6,"featured_media":41878,"comment_status":"closed","ping_status":"open","sticky":false,"template":"","format":"standard","meta":{"footnotes":""},"categories":[1],"tags":[],"class_list":["post-41877","post","type-post","status-publish","format-standard","has-post-thumbnail","hentry","category-informacion-general"],"_links":{"self":[{"href":"https:\/\/corrientesdetarde.com\/index.php\/wp-json\/wp\/v2\/posts\/41877","targetHints":{"allow":["GET"]}}],"collection":[{"href":"https:\/\/corrientesdetarde.com\/index.php\/wp-json\/wp\/v2\/posts"}],"about":[{"href":"https:\/\/corrientesdetarde.com\/index.php\/wp-json\/wp\/v2\/types\/post"}],"author":[{"embeddable":true,"href":"https:\/\/corrientesdetarde.com\/index.php\/wp-json\/wp\/v2\/users\/6"}],"replies":[{"embeddable":true,"href":"https:\/\/corrientesdetarde.com\/index.php\/wp-json\/wp\/v2\/comments?post=41877"}],"version-history":[{"count":1,"href":"https:\/\/corrientesdetarde.com\/index.php\/wp-json\/wp\/v2\/posts\/41877\/revisions"}],"predecessor-version":[{"id":41879,"href":"https:\/\/corrientesdetarde.com\/index.php\/wp-json\/wp\/v2\/posts\/41877\/revisions\/41879"}],"wp:featuredmedia":[{"embeddable":true,"href":"https:\/\/corrientesdetarde.com\/index.php\/wp-json\/wp\/v2\/media\/41878"}],"wp:attachment":[{"href":"https:\/\/corrientesdetarde.com\/index.php\/wp-json\/wp\/v2\/media?parent=41877"}],"wp:term":[{"taxonomy":"category","embeddable":true,"href":"https:\/\/corrientesdetarde.com\/index.php\/wp-json\/wp\/v2\/categories?post=41877"},{"taxonomy":"post_tag","embeddable":true,"href":"https:\/\/corrientesdetarde.com\/index.php\/wp-json\/wp\/v2\/tags?post=41877"}],"curies":[{"name":"wp","href":"https:\/\/api.w.org\/{rel}","templated":true}]}}