{"id":42035,"date":"2023-02-21T18:05:09","date_gmt":"2023-02-21T21:05:09","guid":{"rendered":"https:\/\/corrientesdetarde.com\/?p=42035"},"modified":"2023-02-21T18:06:56","modified_gmt":"2023-02-21T21:06:56","slug":"que-paso-con-caramelo-dudas-sobre-lo-ocurrido-con-el-perro-de-gran-hermano-en-la-pileta","status":"publish","type":"post","link":"https:\/\/corrientesdetarde.com\/index.php\/espectaculos\/que-paso-con-caramelo-dudas-sobre-lo-ocurrido-con-el-perro-de-gran-hermano-en-la-pileta\/","title":{"rendered":"\u00bfQu\u00e9 pas\u00f3 con Caramelo? Dudas sobre lo ocurrido con el perro de Gran Hermano en la pileta"},"content":{"rendered":"\n<h2 class=\"wp-block-heading\">En medio de la euforia tras el ingreso de familiares de los participantes, un descuido alter\u00f3 la felicidad de la casa<\/h2>\n\n\n\n<p>Cuando<strong>\u00a0Santiago del Moro\u00a0<\/strong>les anunci\u00f3 que entrar\u00edan dos nuevos integrantes a la casa de\u00a0<em><strong>Gran Hermano 2022<\/strong><\/em>, muchos participantes se preocuparon. Y es que, aunque el conductor del ciclo les asegur\u00f3 que no se modificar\u00eda la fecha de finalizaci\u00f3n del reality, ninguno de los concursante que siguen en competencia quer\u00edan tener que convivir con gente que viniera de afuera. As\u00ed que entraron con desgano las valijas que hab\u00eda dejado la producci\u00f3n en el parque y esperaron, ansiosos, las novedades.<\/p>\n\n\n\n<p>En ese momento, los jugadores detectaron movimientos fuera de la casa y, al ver a los dos cachorritos que hab\u00eda en el jard\u00edn, salieron corriendo a buscarlos. \u201cDespacito, que no se asusten\u201d, les advirti\u00f3 el conductor, mientras los perritos miraban azorados y&nbsp;<em>Gran Hermano<\/em>&nbsp;les explicaba que eran muy beb\u00e9s y deb\u00edan ser sumamente cuidadosos con ellos. En principio fueron bautizados como&nbsp;<em><strong>Caramelo<\/strong><\/em>&nbsp;y&nbsp;<em><strong>Moro<\/strong><\/em>&nbsp;(en homenaje al conductor del ciclo) para luego descubrir que \u00e9ste \u00faltimo en realidad es una hembra, as\u00ed que de inmediato se decidi\u00f3 cambiarle el nombre por&nbsp;<em><strong>Delmora<\/strong><\/em>&nbsp;y finalmente qued\u00f3 en&nbsp;<em><strong>Mora<\/strong><\/em>.<\/p>\n\n\n\n<p>Su llegada y la forma en que revolucion\u00f3 la casa era el punto buscado desde la producci\u00f3n para darle m\u00e1s atractivos de los que ya ten\u00eda el reality. Y as\u00ed como en un primer momento&nbsp;<strong>Romina<\/strong>&nbsp;y&nbsp;<strong>Marcos<\/strong>&nbsp;confesaron que quer\u00edan quedarse cada uno con uno de ellos, ese pensamiento comenz\u00f3 a licuarse. y bienvenido sea, m\u00e1xime teniendo en cuenta que<strong>&nbsp;Gast\u00f3n Trezeguet<\/strong>&nbsp;confirm\u00f3 hace apenas unos d\u00edas que la estad\u00eda de las mascotas en la casa culminar\u00e1 dentro de una semana aproximadamente.<\/p>\n\n\n\n<p><\/p>\n\n\n\n<p>Pero lo ocurrido este lunes \u00faltimo fue mucho m\u00e1s de lo que hubieran esperado, y el ingreso de un familiar de cada participante para ser parte de la competencia quebr\u00f3 los \u00e1nimos de todos, que no dejaron de llorar, y abrazar a su ser querido, adem\u00e1s de present\u00e1rselo a los dem\u00e1s hermanitos, contando su v\u00ednculo y su historia.<\/p>\n\n\n\n<p>Esa revoluci\u00f3n es la que provoc\u00f3 un descuido y en momentos en que todos estaban de festejo, algunos en la cocina y otros en el patio, se escuch\u00f3 el grito de Camila que logr\u00f3 parar los corazones de todos \u201c\u00a1Se cay\u00f3!\u201d, gritaba Camila desde afuera, mientras la hermana de Camila, La Tora y su madre estaban acomodando la mesa en le interior. \u201c\u00bfQui\u00e9n se cay\u00f3? Pobrecito\u2026\u201d, fue la primera reacci\u00f3n de la madre, quien de inmediato agarr\u00f3 un repasador, momento en que la hermana de Camila tambi\u00e9n corri\u00f3 hacia el exterior.<\/p>\n\n\n\n<p>La escena en el patio mostraba a Camila, Nacho y su padre intentando secar a Caramelo, mientras el sobrino de Romina inspeccionaba la red que protege a las mascotas de la pileta. \u201cMenos mal que lo vi\u201d, afirmaba Camila, mientras lo secaban con un repasador, momento en que pidieron al familiar de Romina que solicite un secador de pelo. \u201dLo vi adentro de la pile\u201d, continuaba la participante detallando lo ocurrido, todav\u00eda en estado de shock. En ese instante, la transmisi\u00f3n se cort\u00f3.<\/p>\n\n\n\n<p><br>La siguiente escena los muestra a los chicos en la cama, ya a punto de dormirse y recordando todo lo vivido en el d\u00eda con la llegada de los familiares, pero al momento de querer tocar otros temas, se volvi\u00f3 imposible. \u201cChicos, c\u00f3mo se cay\u00f3 Caramelo\u2026\u201d, logr\u00f3 decir Julieta antes de que recibiera un cortante \u201cno se habla de eso\u201d, por parte de Nacho. Incluso, por si quedaban dudas, La Tora se limit\u00f3 a decir \u201cno se habla m\u00e1s\u201d, ante lo que Juli apenas pudo responder con un \u201cOK\u201d.<\/p>\n\n\n\n<p>La transmisi\u00f3n de la madrugada por Twitch est\u00e1 a cargo de Diego Poggi, quien aprovech\u00f3 a asegurar que \u201cpara que se queden todos tranca, ah\u00ed est\u00e1 Caramelo, no le pas\u00f3 nada, pis\u00f3 solamente el escaloncito donde est\u00e1 el agua. Prueba de vida del gordito. Igual tranquilos, hay veterinarios, est\u00e1 recuidado, est\u00e1n todas las c\u00e1maras, est\u00e1n todos los productores, est\u00e1 todo el mundo mirando, se abalanzan para que les perres est\u00e9n bien\u201d, explic\u00f3.<\/p>\n","protected":false},"excerpt":{"rendered":"<p>En medio de la euforia tras el ingreso de familiares de los participantes, un descuido alter\u00f3 la felicidad de la casa Cuando\u00a0Santiago del Moro\u00a0les anunci\u00f3 que entrar\u00edan dos nuevos integrantes&hellip; <\/p>\n","protected":false},"author":1,"featured_media":42038,"comment_status":"closed","ping_status":"open","sticky":false,"template":"","format":"standard","meta":{"footnotes":""},"categories":[19],"tags":[],"class_list":["post-42035","post","type-post","status-publish","format-standard","has-post-thumbnail","hentry","category-espectaculos"],"_links":{"self":[{"href":"https:\/\/corrientesdetarde.com\/index.php\/wp-json\/wp\/v2\/posts\/42035","targetHints":{"allow":["GET"]}}],"collection":[{"href":"https:\/\/corrientesdetarde.com\/index.php\/wp-json\/wp\/v2\/posts"}],"about":[{"href":"https:\/\/corrientesdetarde.com\/index.php\/wp-json\/wp\/v2\/types\/post"}],"author":[{"embeddable":true,"href":"https:\/\/corrientesdetarde.com\/index.php\/wp-json\/wp\/v2\/users\/1"}],"replies":[{"embeddable":true,"href":"https:\/\/corrientesdetarde.com\/index.php\/wp-json\/wp\/v2\/comments?post=42035"}],"version-history":[{"count":1,"href":"https:\/\/corrientesdetarde.com\/index.php\/wp-json\/wp\/v2\/posts\/42035\/revisions"}],"predecessor-version":[{"id":42037,"href":"https:\/\/corrientesdetarde.com\/index.php\/wp-json\/wp\/v2\/posts\/42035\/revisions\/42037"}],"wp:featuredmedia":[{"embeddable":true,"href":"https:\/\/corrientesdetarde.com\/index.php\/wp-json\/wp\/v2\/media\/42038"}],"wp:attachment":[{"href":"https:\/\/corrientesdetarde.com\/index.php\/wp-json\/wp\/v2\/media?parent=42035"}],"wp:term":[{"taxonomy":"category","embeddable":true,"href":"https:\/\/corrientesdetarde.com\/index.php\/wp-json\/wp\/v2\/categories?post=42035"},{"taxonomy":"post_tag","embeddable":true,"href":"https:\/\/corrientesdetarde.com\/index.php\/wp-json\/wp\/v2\/tags?post=42035"}],"curies":[{"name":"wp","href":"https:\/\/api.w.org\/{rel}","templated":true}]}}