{"id":42542,"date":"2023-02-23T15:02:42","date_gmt":"2023-02-23T18:02:42","guid":{"rendered":"https:\/\/corrientesdetarde.com\/?p=42542"},"modified":"2023-02-23T15:02:47","modified_gmt":"2023-02-23T18:02:47","slug":"kylian-mbappe-compartio-una-historia-en-instagram-junto-a-lionel-messi-y-alejo-los-rumores-de-enfrentamiento","status":"publish","type":"post","link":"https:\/\/corrientesdetarde.com\/index.php\/deportes\/kylian-mbappe-compartio-una-historia-en-instagram-junto-a-lionel-messi-y-alejo-los-rumores-de-enfrentamiento\/","title":{"rendered":"Kylian Mbapp\u00e9 comparti\u00f3 una historia en Instagram junto a Lionel Messi y alej\u00f3 los rumores de enfrentamiento"},"content":{"rendered":"\n<p>Los futbolistas compartieron un momento de risas en el entrenamiento previo al cl\u00e1sico franc\u00e9s.<\/p>\n\n\n\n<p>Aunque\u00a0<strong>Lionel Messi\u00a0y\u00a0Kylian Mbapp\u00e9 <\/strong><strong>no son cercanos, en el Paris Saint-Germain mantienen una buena relaci\u00f3n\u00a0<\/strong>y as\u00ed lo demuestran en cada entrenamiento. La Pulga tiene mucho v\u00ednculo con los jugadores brasile\u00f1os y espa\u00f1oles, mientras que el jugador franc\u00e9s prefiere rodearse de sus compatriotas y de su gran amigo, el marroqu\u00ed\u00a0<strong>Achraf Hakimi.<\/strong><\/p>\n\n\n\n<p>Pero este jueves, tras el entrenamiento del<strong> PSG,\u00a0<\/strong>el astro franc\u00e9s comparti\u00f3 en sus redes sociales una foto junto al flamante campe\u00f3n del mundo con la\u00a0<strong>Selecci\u00f3n argentina.\u00a0<\/strong>En la imagen se los ve sonrientes: Mbapp\u00e9 est\u00e1 tirado en el suelo con las piernas y brazos abiertos, mientas que Leo se acerca con la pelota.<\/p>\n\n\n\n<p>Junto a la foto agreg\u00f3 unos emoticones de caritas ri\u00e9ndose y lo etiquet\u00f3 al siete veces ganador del Bal\u00f3n de Oro, quien a\u00fan no reposte\u00f3 la imagen.<\/p>\n\n\n\n<figure class=\"wp-block-image size-large\"><img loading=\"lazy\" decoding=\"async\" width=\"676\" height=\"1024\" src=\"https:\/\/corrientesdetarde.com\/wp-content\/uploads\/2023\/02\/image-625-676x1024.png\" alt=\"\" class=\"wp-image-42544\" srcset=\"https:\/\/corrientesdetarde.com\/wp-content\/uploads\/2023\/02\/image-625-676x1024.png 676w, https:\/\/corrientesdetarde.com\/wp-content\/uploads\/2023\/02\/image-625-198x300.png 198w, https:\/\/corrientesdetarde.com\/wp-content\/uploads\/2023\/02\/image-625-768x1164.png 768w, https:\/\/corrientesdetarde.com\/wp-content\/uploads\/2023\/02\/image-625-1014x1536.png 1014w, https:\/\/corrientesdetarde.com\/wp-content\/uploads\/2023\/02\/image-625-1352x2048.png 1352w, https:\/\/corrientesdetarde.com\/wp-content\/uploads\/2023\/02\/image-625.png 1440w\" sizes=\"auto, (max-width: 676px) 100vw, 676px\" \/><\/figure>\n\n\n\n<p>El domingo 26 de febrero, el PSG, que marcha primero con 57 puntos, se enfrentar\u00e1 a su cl\u00e1sico rival, el&nbsp;<strong>Olympique de Marsella<\/strong>, segundo en la tabla de posiciones, por la<strong>&nbsp;Ligue 1<\/strong>&nbsp;desde las 16.45 y ser\u00e1 televisado por&nbsp;<em>ESPN.<\/em><\/p>\n\n\n\n<p>El partido correspondiente a la fecha 25 ser\u00e1 muy importante para la definici\u00f3n del torneo ya que el equipo comandado por Christophe Galtier ir\u00e1 en busca de un nuevo triunfo para seguir puntero tras ganarle 4-3 al Lille.<\/p>\n\n\n\n<h2 class=\"wp-block-heading\">Lionel Messi se prepara para el cl\u00e1sico PSG-Marsella en medio de las versiones que lo vinculan al Barcelona<\/h2>\n\n\n\n<p>Lionel Messi volvi\u00f3 este Mi\u00e9rcoles a Par\u00eds y se entren\u00f3 con el\u00a0<strong>PSG<\/strong>\u00a0luego de dos d\u00edas de descanso en Barcelona, justo en medio de las versiones sobre su posible regreso al club catal\u00e1n despu\u00e9s del 30 de junio.<\/p>\n\n\n\n<p>El campe\u00f3n del mundo con la Argentina se puso a las \u00f3rdenes del entrenador Christophe Galtier y empez\u00f3 la preparaci\u00f3n para el gran partido del pr\u00f3ximo domingo en la Ligue 1:&nbsp;<strong>Paris Saint Germain visitar\u00e1 al Olympique de Marsella<\/strong>, su escolta, en el cl\u00e1sico con m\u00e1s rivalidad del f\u00fatbol franc\u00e9s.<\/p>\n\n\n\n<p>Messi viaj\u00f3 a Barcelona con\u00a0Antonela Roccuzzo y sus hijos luego del triunfo por 4-3 sobre Lille. Disfrut\u00f3 de un encuentro con viejos amigos como Sergio Busquets y Jordi Alba, y volvi\u00f3 a la capital francesa en medio de los rumores que lo vinculan al Bar\u00e7a para la pr\u00f3xima temporada.<\/p>\n","protected":false},"excerpt":{"rendered":"<p>Los futbolistas compartieron un momento de risas en el entrenamiento previo al cl\u00e1sico franc\u00e9s. Aunque\u00a0Lionel Messi\u00a0y\u00a0Kylian Mbapp\u00e9 no son cercanos, en el Paris Saint-Germain mantienen una buena relaci\u00f3n\u00a0y as\u00ed lo&hellip; <\/p>\n","protected":false},"author":8,"featured_media":42543,"comment_status":"closed","ping_status":"open","sticky":false,"template":"","format":"standard","meta":{"footnotes":""},"categories":[4],"tags":[],"class_list":["post-42542","post","type-post","status-publish","format-standard","has-post-thumbnail","hentry","category-deportes"],"_links":{"self":[{"href":"https:\/\/corrientesdetarde.com\/index.php\/wp-json\/wp\/v2\/posts\/42542","targetHints":{"allow":["GET"]}}],"collection":[{"href":"https:\/\/corrientesdetarde.com\/index.php\/wp-json\/wp\/v2\/posts"}],"about":[{"href":"https:\/\/corrientesdetarde.com\/index.php\/wp-json\/wp\/v2\/types\/post"}],"author":[{"embeddable":true,"href":"https:\/\/corrientesdetarde.com\/index.php\/wp-json\/wp\/v2\/users\/8"}],"replies":[{"embeddable":true,"href":"https:\/\/corrientesdetarde.com\/index.php\/wp-json\/wp\/v2\/comments?post=42542"}],"version-history":[{"count":1,"href":"https:\/\/corrientesdetarde.com\/index.php\/wp-json\/wp\/v2\/posts\/42542\/revisions"}],"predecessor-version":[{"id":42545,"href":"https:\/\/corrientesdetarde.com\/index.php\/wp-json\/wp\/v2\/posts\/42542\/revisions\/42545"}],"wp:featuredmedia":[{"embeddable":true,"href":"https:\/\/corrientesdetarde.com\/index.php\/wp-json\/wp\/v2\/media\/42543"}],"wp:attachment":[{"href":"https:\/\/corrientesdetarde.com\/index.php\/wp-json\/wp\/v2\/media?parent=42542"}],"wp:term":[{"taxonomy":"category","embeddable":true,"href":"https:\/\/corrientesdetarde.com\/index.php\/wp-json\/wp\/v2\/categories?post=42542"},{"taxonomy":"post_tag","embeddable":true,"href":"https:\/\/corrientesdetarde.com\/index.php\/wp-json\/wp\/v2\/tags?post=42542"}],"curies":[{"name":"wp","href":"https:\/\/api.w.org\/{rel}","templated":true}]}}