{"id":42546,"date":"2023-02-23T15:09:46","date_gmt":"2023-02-23T18:09:46","guid":{"rendered":"https:\/\/corrientesdetarde.com\/?p=42546"},"modified":"2023-02-23T15:09:49","modified_gmt":"2023-02-23T18:09:49","slug":"anses-anuncio-aumento-para-jubilados-docentes-en-marzo-los-detalles","status":"publish","type":"post","link":"https:\/\/corrientesdetarde.com\/index.php\/economia\/anses-anuncio-aumento-para-jubilados-docentes-en-marzo-los-detalles\/","title":{"rendered":"ANSES anuncio aumento para jubilados docentes en marzo: los detalles"},"content":{"rendered":"\n<p>La ANSES anunci\u00f3 el primero de cuatros aumentos anuales para jubilados docentes y jubilados docentes universitarios.<\/p>\n\n\n\n<p><strong>La Administraci\u00f3n Nacional de Seguridad Social (ANSES),\u00a0<\/strong>anunci\u00f3 el primer aumento del a\u00f1o 2023 para los\u00a0<strong>jubilados docentes,\u00a0<\/strong>que ser\u00e1 del 18,69 por ciento y se aplicar\u00e1 en el mes de marzo, beneficiando a m\u00e1s de 160 mil personas.<\/p>\n\n\n\n<p>En tanto, el primer incremento para&nbsp;<strong>jubilados docentes universitarios<\/strong>&nbsp;ser\u00e1 del 21,57 por ciento para el pr\u00f3ximo mes y beneficiar\u00e1 a m\u00e1s de 9 mil personas.<\/p>\n\n\n\n<p>Por decisi\u00f3n del Gobierno naciona<strong>l, a fines de 2022 se trimestraliz\u00f3 la movilidad del R\u00e9gimen Especial para Docentes (Resoluci\u00f3n 1567\/2022) y del R\u00e9gimen Previsional Especial para el Personal Docente de las Universidades P\u00fablicas Nacionales (Resoluci\u00f3n 1566\/2022).<\/strong>\u00a0A partir de esta movilidad, tendr\u00e1n cuatro aumentos por a\u00f1o.<\/p>\n\n\n\n<h2 class=\"wp-block-heading\">ANSES con aumentos en marzo<\/h2>\n\n\n\n<p><strong>ANSES hace unos d\u00edas\u00a0<\/strong>anunci\u00f3 el nuevo aumento para el mes que viene, con un bono  especial en marzo tambi\u00e9n habr\u00e1 aumento y otro bono,\u00a0seg\u00fan informo el Ministro de Econom\u00eda de la Naci\u00f3n Sergio Massa.<\/p>\n","protected":false},"excerpt":{"rendered":"<p>La ANSES anunci\u00f3 el primero de cuatros aumentos anuales para jubilados docentes y jubilados docentes universitarios. La Administraci\u00f3n Nacional de Seguridad Social (ANSES),\u00a0anunci\u00f3 el primer aumento del a\u00f1o 2023 para&hellip; <\/p>\n","protected":false},"author":8,"featured_media":42547,"comment_status":"closed","ping_status":"open","sticky":false,"template":"","format":"standard","meta":{"footnotes":""},"categories":[20],"tags":[],"class_list":["post-42546","post","type-post","status-publish","format-standard","has-post-thumbnail","hentry","category-economia"],"_links":{"self":[{"href":"https:\/\/corrientesdetarde.com\/index.php\/wp-json\/wp\/v2\/posts\/42546","targetHints":{"allow":["GET"]}}],"collection":[{"href":"https:\/\/corrientesdetarde.com\/index.php\/wp-json\/wp\/v2\/posts"}],"about":[{"href":"https:\/\/corrientesdetarde.com\/index.php\/wp-json\/wp\/v2\/types\/post"}],"author":[{"embeddable":true,"href":"https:\/\/corrientesdetarde.com\/index.php\/wp-json\/wp\/v2\/users\/8"}],"replies":[{"embeddable":true,"href":"https:\/\/corrientesdetarde.com\/index.php\/wp-json\/wp\/v2\/comments?post=42546"}],"version-history":[{"count":1,"href":"https:\/\/corrientesdetarde.com\/index.php\/wp-json\/wp\/v2\/posts\/42546\/revisions"}],"predecessor-version":[{"id":42548,"href":"https:\/\/corrientesdetarde.com\/index.php\/wp-json\/wp\/v2\/posts\/42546\/revisions\/42548"}],"wp:featuredmedia":[{"embeddable":true,"href":"https:\/\/corrientesdetarde.com\/index.php\/wp-json\/wp\/v2\/media\/42547"}],"wp:attachment":[{"href":"https:\/\/corrientesdetarde.com\/index.php\/wp-json\/wp\/v2\/media?parent=42546"}],"wp:term":[{"taxonomy":"category","embeddable":true,"href":"https:\/\/corrientesdetarde.com\/index.php\/wp-json\/wp\/v2\/categories?post=42546"},{"taxonomy":"post_tag","embeddable":true,"href":"https:\/\/corrientesdetarde.com\/index.php\/wp-json\/wp\/v2\/tags?post=42546"}],"curies":[{"name":"wp","href":"https:\/\/api.w.org\/{rel}","templated":true}]}}