{"id":42549,"date":"2023-02-23T15:22:02","date_gmt":"2023-02-23T18:22:02","guid":{"rendered":"https:\/\/corrientesdetarde.com\/?p=42549"},"modified":"2023-02-23T15:22:07","modified_gmt":"2023-02-23T18:22:07","slug":"alberto-fernandez-quiere-que-tolosa-paz-compita-contra-kicillof-y-crece-la-tension-con-el-kirchnerismo","status":"publish","type":"post","link":"https:\/\/corrientesdetarde.com\/index.php\/politica\/alberto-fernandez-quiere-que-tolosa-paz-compita-contra-kicillof-y-crece-la-tension-con-el-kirchnerismo\/","title":{"rendered":"Alberto Fern\u00e1ndez quiere que Tolosa Paz compita contra Kicillof y crece la tensi\u00f3n con el kirchnerismo"},"content":{"rendered":"\n<p>Desde la Casa Rosada buscan impulsar a la ministra de Desarrollo Social y afirman que puede ser \u201ctan competitiva\u201d como el gobernador bonaerense. Cristina Kirchner mantiene un fuerte enfrentamiento con la dirigente platense.<\/p>\n\n\n\n<p>En una escalada de la<strong>\u00a0tensi\u00f3n interna\u00a0<\/strong>en el Gobierno el presiden<strong>te Alberto Fern\u00e1ndez,<\/strong>\u00a0impulsa a una de sus dirigentes de m\u00e1xima confianza, la ministra de Desarrollo Social,\u00a0<strong>Victoria Tolosa Paz,<\/strong>\u00a0para disputarle la provincia de Buenos Aires en las PASO al gobernador bonaerense,\u00a0<strong>Axel Kicillof,<\/strong>\u00a0que quiere ir por la reelecci\u00f3n y que pensaba que ten\u00eda el camino allanado para ese objetivo.<\/p>\n\n\n\n<p>La Casa Rosada busca dar pelea en el principal basti\u00f3n del kirchnerismo y encarg\u00f3 encuestas para medir a la ministra de Desarrollo Social, quien -afirman- puede ser \u201ctan o m\u00e1s competitiva\u201d que Kicillof. Se trata de una jugada del sector que responde a Alberto Fern\u00e1ndez que reaviva el enfrentamiento con la vicepresidenta,<strong> Cristina Kirchner.<\/strong><\/p>\n\n\n\n<p>La l\u00edder del Frente de Todos est\u00e1\u00a0<strong>furiosa\u00a0<\/strong>con Tolosa Paz, a quien \u201cno se banca\u201d. La dirigente plantense viene de perder por poco margen en las elecciones legislativas 2021 ante\u00a0<strong>Diego Santilli,<\/strong>\u00a0del PRO.<\/p>\n\n\n\n<h2 class=\"wp-block-heading\">Rodr\u00edguez Larreta se lanz\u00f3 como precandidato presidencial, desafiado por Bullrich y Vidal<\/h2>\n\n\n\n<p>En la vereda de enfrente el jefe de gobierno porte\u00f1<strong>o Horacio Rodriguez Larreta,<\/strong>\u00a0se lanz\u00f3 como precandidato presidencial desafiado por dos de las referentes del PRO y de Juntos por el Cambio, la titular del partido,\u00a0<strong>Patricia Bullrich,<\/strong>\u00a0y la diputada nacional,\u00a0<strong>Mar\u00eda Eugenia Vidal.<\/strong><\/p>\n\n\n\n<ul class=\"wp-block-list\"><li>El lanzamiento del\u00a0jefe de Gobierno Porte\u00f1o fue a trav\u00e9s de redes sociales, e incluir\u00e1 una recorrida por el partido bonaerense de Tres de Febrero, municipio liderado por\u00a0<strong>Diego Valenzuela,<\/strong>\u00a0cercano a Rodr\u00edguez Larreta.<\/li><li>Rodr\u00edguez Larreta es desafiado por Bullrich, con la que mantiene un fuerte enfrentamiento, y con Vidal, que inaugur\u00f3 las oficinas de b\u00fanker de campa\u00f1a junto al expresidente,\u00a0<strong>Mauricio Macri,\u00a0<\/strong>con un sugestivo cartel con la leyenda \u201cVidal presidenta\u201d.<\/li><\/ul>\n\n\n\n<h2 class=\"wp-block-heading\">La C\u00e1mpora redobla la presi\u00f3n para que Alberto Fern\u00e1ndez baje su candidatura y condiciona la PASO del FDT<\/h2>\n\n\n\n<ul class=\"wp-block-list\"><li>La primera reuni\u00f3n de la\u00a0mesa pol\u00edtica\u00a0del\u00a0<strong>Frente de Todos<\/strong>\u00a0dej\u00f3 todav\u00eda m\u00e1s al descubierto\u00a0la fuerte tensi\u00f3n en el oficialismo, con\u00a0La C\u00e1mpora que redobla la presi\u00f3n para que el Presidente termine con su deseo de ir por la reelecci\u00f3n, y condiciona la\u00a0PASO.<\/li><li>El peronismo busca limar sus diferencias y llegar unido a las elecciones, y si bien el Presidente desliz\u00f3 la posibilidad de que \u00e9l podr\u00eda bajarse si hay un candidato que logre el consenso de todo el espacio, por el momento mantiene su aspiraci\u00f3n para ir por un nuevo mandato.<\/li><li>Esto choca con los intereses de La C\u00e1mpora, que pide enfocarse en la\u00a0<strong>\u201cproscripci\u00f3n\u201d de Cristina Kirchner\u00a0<\/strong>y se niega a competir en una PASO con el Presidente, como le plante\u00f3 el propio jefe de la C\u00e1mpora,\u00a0<strong>M\u00e1ximo Kirchner,<\/strong>\u00a0en la cumbre del oficialismo en la sede del PJ, lo que le genera mayor tensi\u00f3n a la interna.<\/li><\/ul>\n","protected":false},"excerpt":{"rendered":"<p>Desde la Casa Rosada buscan impulsar a la ministra de Desarrollo Social y afirman que puede ser \u201ctan competitiva\u201d como el gobernador bonaerense. Cristina Kirchner mantiene un fuerte enfrentamiento con&hellip; <\/p>\n","protected":false},"author":8,"featured_media":42551,"comment_status":"closed","ping_status":"open","sticky":false,"template":"","format":"standard","meta":{"footnotes":""},"categories":[3],"tags":[],"class_list":["post-42549","post","type-post","status-publish","format-standard","has-post-thumbnail","hentry","category-politica"],"_links":{"self":[{"href":"https:\/\/corrientesdetarde.com\/index.php\/wp-json\/wp\/v2\/posts\/42549","targetHints":{"allow":["GET"]}}],"collection":[{"href":"https:\/\/corrientesdetarde.com\/index.php\/wp-json\/wp\/v2\/posts"}],"about":[{"href":"https:\/\/corrientesdetarde.com\/index.php\/wp-json\/wp\/v2\/types\/post"}],"author":[{"embeddable":true,"href":"https:\/\/corrientesdetarde.com\/index.php\/wp-json\/wp\/v2\/users\/8"}],"replies":[{"embeddable":true,"href":"https:\/\/corrientesdetarde.com\/index.php\/wp-json\/wp\/v2\/comments?post=42549"}],"version-history":[{"count":1,"href":"https:\/\/corrientesdetarde.com\/index.php\/wp-json\/wp\/v2\/posts\/42549\/revisions"}],"predecessor-version":[{"id":42552,"href":"https:\/\/corrientesdetarde.com\/index.php\/wp-json\/wp\/v2\/posts\/42549\/revisions\/42552"}],"wp:featuredmedia":[{"embeddable":true,"href":"https:\/\/corrientesdetarde.com\/index.php\/wp-json\/wp\/v2\/media\/42551"}],"wp:attachment":[{"href":"https:\/\/corrientesdetarde.com\/index.php\/wp-json\/wp\/v2\/media?parent=42549"}],"wp:term":[{"taxonomy":"category","embeddable":true,"href":"https:\/\/corrientesdetarde.com\/index.php\/wp-json\/wp\/v2\/categories?post=42549"},{"taxonomy":"post_tag","embeddable":true,"href":"https:\/\/corrientesdetarde.com\/index.php\/wp-json\/wp\/v2\/tags?post=42549"}],"curies":[{"name":"wp","href":"https:\/\/api.w.org\/{rel}","templated":true}]}}