{"id":42553,"date":"2023-02-23T15:26:54","date_gmt":"2023-02-23T18:26:54","guid":{"rendered":"https:\/\/corrientesdetarde.com\/?p=42553"},"modified":"2023-02-23T15:26:57","modified_gmt":"2023-02-23T18:26:57","slug":"gran-hermano-fuerte-cruce-entre-coti-y-la-sobrina-de-romina-por-la-eliminacion-del-primer-familiar","status":"publish","type":"post","link":"https:\/\/corrientesdetarde.com\/index.php\/espectaculos\/gran-hermano-fuerte-cruce-entre-coti-y-la-sobrina-de-romina-por-la-eliminacion-del-primer-familiar\/","title":{"rendered":"Gran Hermano: fuerte cruce entre Coti y la sobrina de Romina por la eliminaci\u00f3n del primer familiar"},"content":{"rendered":"\n<p>Abril, la sobrina de la ex diputada, tuvo un fuerte intercambio de palabras con la ex participante en A la Barbarossa.<\/p>\n\n\n\n<p>Fabi\u00e1n el sobrino de Romina Uhring, fue el m\u00e1s votado y tuvo que dejar la casa de Gran Hermano 2023\u00a0en una noche llena de sorpresas. Tras su eliminaci\u00f3n, este jueves, se gener\u00f3 un tenso cruce por la salida del familiar de la ex diputada.<\/p>\n\n\n\n<p>Ocurri\u00f3 este jueves en &#8220;A la Barbarossa&#8221;, donde Abril, la sobrina de Romina tuvo un fuerte intercambio con los panelistas y la ex participante Coti.<\/p>\n\n\n\n<p>La joven estaba opinando sobre lo que sucedi\u00f3 cuando P\u00eda Shaw quiso dar una opini\u00f3n. All\u00ed, la sobrina de Romina se puso firme y fren\u00f3 a la periodista: &#8220;D\u00e9jenme terminar de hablar. Ped\u00ed por favor que no me interrumpieran&#8221;.<\/p>\n\n\n\n<p>Luego fue Costanza Romero, exparticipante del reality, quien brind\u00f3 su opini\u00f3n. &#8220;Yo quisiera decir algo: es un juego, no entres al juego directamente entonces. Los tapes no est\u00e1n mal editados o de \u00faltima tampoco pasaron la cantidad de veces que Romina habl\u00f3 mal de m\u00ed&#8230;&#8221;, le dijo a la joven que estaba dando un movil desde Moreno.<\/p>\n\n\n\n<p>&#8220;No s\u00e9, pero se edit\u00f3&#8230;&#8221;, la interrumpi\u00f3 la sobrina de la exdiputada. Y all\u00ed la correntina le par\u00f3 el carro: &#8220;Dejame hablar porque vos reci\u00e9n dijiste que te deje hablar&#8221;.<\/p>\n\n\n\n<p><video preload=\"auto\"><\/video><\/p>\n\n\n\n<p><video preload=\"auto\"><\/video><\/p>\n\n\n\n<p><video preload=\"auto\"><\/video><\/p>\n\n\n\n<p><video preload=\"auto\"><\/video><\/p>\n\n\n\n<p><video preload=\"auto\"><\/video><\/p>\n\n\n\n<p><video preload=\"auto\"><\/video><\/p>\n\n\n\n<p><video preload=\"auto\"><\/video><\/p>\n","protected":false},"excerpt":{"rendered":"<p>Abril, la sobrina de la ex diputada, tuvo un fuerte intercambio de palabras con la ex participante en A la Barbarossa. Fabi\u00e1n el sobrino de Romina Uhring, fue el m\u00e1s&hellip; <\/p>\n","protected":false},"author":8,"featured_media":42554,"comment_status":"closed","ping_status":"open","sticky":false,"template":"","format":"standard","meta":{"footnotes":""},"categories":[19],"tags":[],"class_list":["post-42553","post","type-post","status-publish","format-standard","has-post-thumbnail","hentry","category-espectaculos"],"_links":{"self":[{"href":"https:\/\/corrientesdetarde.com\/index.php\/wp-json\/wp\/v2\/posts\/42553","targetHints":{"allow":["GET"]}}],"collection":[{"href":"https:\/\/corrientesdetarde.com\/index.php\/wp-json\/wp\/v2\/posts"}],"about":[{"href":"https:\/\/corrientesdetarde.com\/index.php\/wp-json\/wp\/v2\/types\/post"}],"author":[{"embeddable":true,"href":"https:\/\/corrientesdetarde.com\/index.php\/wp-json\/wp\/v2\/users\/8"}],"replies":[{"embeddable":true,"href":"https:\/\/corrientesdetarde.com\/index.php\/wp-json\/wp\/v2\/comments?post=42553"}],"version-history":[{"count":1,"href":"https:\/\/corrientesdetarde.com\/index.php\/wp-json\/wp\/v2\/posts\/42553\/revisions"}],"predecessor-version":[{"id":42555,"href":"https:\/\/corrientesdetarde.com\/index.php\/wp-json\/wp\/v2\/posts\/42553\/revisions\/42555"}],"wp:featuredmedia":[{"embeddable":true,"href":"https:\/\/corrientesdetarde.com\/index.php\/wp-json\/wp\/v2\/media\/42554"}],"wp:attachment":[{"href":"https:\/\/corrientesdetarde.com\/index.php\/wp-json\/wp\/v2\/media?parent=42553"}],"wp:term":[{"taxonomy":"category","embeddable":true,"href":"https:\/\/corrientesdetarde.com\/index.php\/wp-json\/wp\/v2\/categories?post=42553"},{"taxonomy":"post_tag","embeddable":true,"href":"https:\/\/corrientesdetarde.com\/index.php\/wp-json\/wp\/v2\/tags?post=42553"}],"curies":[{"name":"wp","href":"https:\/\/api.w.org\/{rel}","templated":true}]}}