{"id":42556,"date":"2023-02-23T15:29:08","date_gmt":"2023-02-23T18:29:08","guid":{"rendered":"https:\/\/corrientesdetarde.com\/?p=42556"},"modified":"2023-02-23T15:29:12","modified_gmt":"2023-02-23T18:29:12","slug":"sergio-ramos-anuncio-su-retiro-de-la-seleccion-de-espana-con-una-dura-carta-el-futbol-no-siempre-es-justo","status":"publish","type":"post","link":"https:\/\/corrientesdetarde.com\/index.php\/deportes\/sergio-ramos-anuncio-su-retiro-de-la-seleccion-de-espana-con-una-dura-carta-el-futbol-no-siempre-es-justo\/","title":{"rendered":"Sergio Ramos anunci\u00f3 su retiro de la Selecci\u00f3n de Espa\u00f1a con una dura carta: \u201cEl f\u00fatbol no siempre es justo\u201d"},"content":{"rendered":"\n<p>El defensor del PSG explic\u00f3 que no jugar\u00e1 m\u00e1s en el equipo nacional de su pa\u00eds debido a que el nuevo entrenador ha decidido no contar con \u00e9l. \u201cEs el final de un recorrido que esperaba que fuera m\u00e1s largo y que terminara con un mejor sabor de boca\u201d, dijo.<\/p>\n\n\n\n<p>El defensor\u00a0Sergio Ramos\u00a0anunci\u00f3 este jueves su retiro de la\u00a0<strong>Selecci\u00f3n de Espa\u00f1a.<\/strong>\u00a0Lo hizo a trav\u00e9s de una carta en la que dej\u00f3 en claro que no era su deseo dejar el conjunto nacional, pero que sin embargo se vio obligado a hacerlo por la negativa del nuevo entrenador a convocarlo.<\/p>\n\n\n\n<p>Ramos, campe\u00f3n con Espa\u00f1a del Mundial de Sud\u00e1frica 2010 y de dos Eurocopas, explic\u00f3 que Luis De la Fuente, el DT que reemplaz\u00f3 a Luis Enrique luego de Qatar 2022, le comunic\u00f3 que no contar\u00e1 con \u00e9l en el futuro. Esta decisi\u00f3n motiv\u00f3 al ex Real Madrid a dejar el equipo nacional a los 36 a\u00f1os.<\/p>\n\n\n\n<figure class=\"wp-block-image size-large\"><img loading=\"lazy\" decoding=\"async\" width=\"1024\" height=\"687\" src=\"https:\/\/corrientesdetarde.com\/wp-content\/uploads\/2023\/02\/image-629-1024x687.png\" alt=\"\" class=\"wp-image-42559\" srcset=\"https:\/\/corrientesdetarde.com\/wp-content\/uploads\/2023\/02\/image-629-1024x687.png 1024w, https:\/\/corrientesdetarde.com\/wp-content\/uploads\/2023\/02\/image-629-300x201.png 300w, https:\/\/corrientesdetarde.com\/wp-content\/uploads\/2023\/02\/image-629-768x515.png 768w, https:\/\/corrientesdetarde.com\/wp-content\/uploads\/2023\/02\/image-629-272x182.png 272w, https:\/\/corrientesdetarde.com\/wp-content\/uploads\/2023\/02\/image-629.png 1440w\" sizes=\"auto, (max-width: 1024px) 100vw, 1024px\" \/><\/figure>\n\n\n\n<h2 class=\"wp-block-heading\">La carta completa de Sergio Ramos<\/h2>\n\n\n\n<p><em>Ha llegado la hora, la hora de decir adi\u00f3s a la Selecci\u00f3n, nuestra querida y emocionante Roja. En la ma\u00f1ana de hoy he recibido la llamada del actual Seleccionador que me ha comunicado que no cuenta y que no va a contar conmigo, independientemente del nivel que pueda mostrar o de c\u00f3mo contin\u00fae mi carrera deportiva.<\/em><\/p>\n\n\n\n<p><em>Con mucho pesar, es el final de un recorrido que esperaba que fuera m\u00e1s largo y que terminara con un mejor sabor de boca, a la altura de todos los \u00e9xitos que hemos logrado con nuestra Roja.<\/em><\/p>\n\n\n\n<p><em>Humildemente, creo que esa trayectoria merec\u00eda terminar por una decisi\u00f3n personal o porque mi rendimiento no estuviera a la altura de lo que merece nuestra Selecci\u00f3n, pero no por cuesti\u00f3n de la edad u otras razones que, sin haberlas o\u00eddo, he sentido.<\/em><\/p>\n\n\n\n<p><em>Porque ser joven o menos joven no es una virtud o un defecto, es solo una caracter\u00edstica temporal que no necesariamente est\u00e1 relacionada con el rendimiento o la capacidad. Miro con admiraci\u00f3n y envidia a Modric, a Messi, a Pepe\u2026 la esencia, la tradici\u00f3n, los valores, la meritocracia y la justicia en el f\u00fatbol.<\/em><\/p>\n\n\n\n<p><em>Lamentablemente no ser\u00e1 as\u00ed para m\u00ed, porque el f\u00fatbol no siempre es justo y el f\u00fatbol nunca es solo f\u00fatbol.<\/em><\/p>\n\n\n\n<p><em>Por todo ello lo asumo con esta tristeza que quiero compartir con vosotros, pero tambi\u00e9n con la cabeza muy alta y muy agradecido por todos estos a\u00f1os y por todo vuestro apoyo.<\/em><\/p>\n\n\n\n<p><em>Me llevo recuerdos imborrables, todos los t\u00edtulos que hemos peleado y celebrado todos juntos y el tremendo orgullo de ser el jugador espa\u00f1ol con m\u00e1s internacionalidades.<\/em><\/p>\n\n\n\n<p><em>Este escudo, esta camiseta y esta afici\u00f3n, todos vosotros, me hab\u00e9is hecho feliz. Seguir\u00e9 animando a mi pa\u00eds desde casa con la emoci\u00f3n del privilegiado que ha podido representarlo orgulloso 180 veces.<\/em><\/p>\n\n\n\n<p><em>\u00a1Gracias de coraz\u00f3n a todos los que siempre cre\u00edsteis en m\u00ed!<\/em><\/p>\n","protected":false},"excerpt":{"rendered":"<p>El defensor del PSG explic\u00f3 que no jugar\u00e1 m\u00e1s en el equipo nacional de su pa\u00eds debido a que el nuevo entrenador ha decidido no contar con \u00e9l. \u201cEs el&hellip; <\/p>\n","protected":false},"author":8,"featured_media":42557,"comment_status":"closed","ping_status":"open","sticky":false,"template":"","format":"standard","meta":{"footnotes":""},"categories":[4],"tags":[],"class_list":["post-42556","post","type-post","status-publish","format-standard","has-post-thumbnail","hentry","category-deportes"],"_links":{"self":[{"href":"https:\/\/corrientesdetarde.com\/index.php\/wp-json\/wp\/v2\/posts\/42556","targetHints":{"allow":["GET"]}}],"collection":[{"href":"https:\/\/corrientesdetarde.com\/index.php\/wp-json\/wp\/v2\/posts"}],"about":[{"href":"https:\/\/corrientesdetarde.com\/index.php\/wp-json\/wp\/v2\/types\/post"}],"author":[{"embeddable":true,"href":"https:\/\/corrientesdetarde.com\/index.php\/wp-json\/wp\/v2\/users\/8"}],"replies":[{"embeddable":true,"href":"https:\/\/corrientesdetarde.com\/index.php\/wp-json\/wp\/v2\/comments?post=42556"}],"version-history":[{"count":1,"href":"https:\/\/corrientesdetarde.com\/index.php\/wp-json\/wp\/v2\/posts\/42556\/revisions"}],"predecessor-version":[{"id":42560,"href":"https:\/\/corrientesdetarde.com\/index.php\/wp-json\/wp\/v2\/posts\/42556\/revisions\/42560"}],"wp:featuredmedia":[{"embeddable":true,"href":"https:\/\/corrientesdetarde.com\/index.php\/wp-json\/wp\/v2\/media\/42557"}],"wp:attachment":[{"href":"https:\/\/corrientesdetarde.com\/index.php\/wp-json\/wp\/v2\/media?parent=42556"}],"wp:term":[{"taxonomy":"category","embeddable":true,"href":"https:\/\/corrientesdetarde.com\/index.php\/wp-json\/wp\/v2\/categories?post=42556"},{"taxonomy":"post_tag","embeddable":true,"href":"https:\/\/corrientesdetarde.com\/index.php\/wp-json\/wp\/v2\/tags?post=42556"}],"curies":[{"name":"wp","href":"https:\/\/api.w.org\/{rel}","templated":true}]}}