{"id":42808,"date":"2023-02-24T17:15:53","date_gmt":"2023-02-24T20:15:53","guid":{"rendered":"https:\/\/corrientesdetarde.com\/?p=42808"},"modified":"2023-02-24T17:15:58","modified_gmt":"2023-02-24T20:15:58","slug":"encuentro-provincial-valdes-y-braillard-poccard-dieron-un-fuerte-respaldo-a-la-dirigencia-del-partido-popular","status":"publish","type":"post","link":"https:\/\/corrientesdetarde.com\/index.php\/locales\/encuentro-provincial-valdes-y-braillard-poccard-dieron-un-fuerte-respaldo-a-la-dirigencia-del-partido-popular\/","title":{"rendered":"Encuentro Provincial: Vald\u00e9s y Braillard Poccard dieron un fuerte respaldo a la dirigencia del Partido Popular"},"content":{"rendered":"\n<p>El Partido Popular, que integra la alianza gobernante en la provincia Encuentro por Corrientes (ECO)+Vamos Corrientes, realiz\u00f3 este viernes su primera reuni\u00f3n anual, encabezada por el Vicegobernador, Pedro Braillard Poccard, con fuerte presencia de dirigentes de toda la provincia, el apoyo del Gobernador Gustavo Vald\u00e9s y el Intendente de Capital, Eduardo Tassano.<br>De cara al a\u00f1o electoral, los representantes de cada municipio, entre los que se encuentran concejales, viceintendentes, legisladores provinciales, funcionarios y ministros del Poder Ejecutivo Provincial y municipal, participaron en el encuentro, donde se marcaron los objetivos de gesti\u00f3n y las tareas de organizaci\u00f3n en el marco de la alianza ECO+Vamos Corrientes.<br>El Presidente del Comit\u00e9 Capital del PP, Juan Enrique Braillard Poccard fue el encargado de dar las palabras de bienvenida, destacando el trabajo que se viene realizando en cada uno de los municipios, donde hoy el partido cuenta con representaci\u00f3n partidaria y apoyo de la ciudadan\u00eda.<br>A su turno, el presidente del Partido a nivel provincial Pedro Braillard Poccard destac\u00f3: &#8220;Nos estamos preparando para el desaf\u00edo electoral que viene, donde est\u00e1n en juego las elecciones legislativas provinciales y municipales. El compromiso es hacer el mayor aporte para que la ciudadan\u00eda siga respaldando la gesti\u00f3n del Gobierno provincial donde somos oficialismo, y ratificar la presencia en los municipios donde somos oposici\u00f3n. As\u00ed lograr un rotundo triunfo electoral para seguir transformando y haciendo las cosas bien, como se est\u00e1n haciendo. Y que el respaldo de la ciudadan\u00eda se vea reflejado en sus votos&#8221; sostuvo.<br>Hoy \u201ctenemos un desaf\u00edo por delante: recuperar la confianza por parte de la sociedad, eso se logra con presencia, con trabajo, con esfuerzo, con vocaci\u00f3n de servicio y con transparencia. Salgamos a lograr adhesiones y llevemos nuestro mensaje a la sociedad. Estamos cumpliendo 40 a\u00f1os de democracia y somos parte fundamental de la democracia, es nuestro compromiso recuperar la confianza\u201d.<br>Braillard Poccard destac\u00f3 el trabajo del Partido Popular: \u201cEs un partido que empuja, que aporta\u201d, en el marco de \u201cuna alianza donde cada partido est\u00e1 identificado con su propia boleta, la cantidad de votos que hacemos es el aporte de nuestro trabajo, entonces hagamos el mayor y mejor esfuerzo para lograr el apoyo de la ciudadan\u00eda\u201d.<br>El Gobernador Gustavo Vald\u00e9s, llam\u00f3 a construir una provincia y una patria mejor: \u201cSabemos cu\u00e1l es el tiempo hist\u00f3rico que nos toca. Cuando empezamos a ver el rol de Corrientes desde 1588 hasta hoy, nuestros pr\u00f3ceres, entendemos de d\u00f3nde venimos. Nadie puede borrar lo que somos, hoy podemos decidir hacia d\u00f3nde vamos. Somos un proyecto pol\u00edtico. La misi\u00f3n n\u00famero 1 es que volvamos a tener peso a nivel nacional, poder de decisi\u00f3n, apostar a la educaci\u00f3n p\u00fablica y gratuita. Vamos a seguir trabajando en cada rinc\u00f3n de la provincia. Cada partido pol\u00edtico, cada concejal, cada dirigente tiene que ser un ejemplo. La idea de desarrollo y progreso tiene que estar en la conciencia de cada uno. Tenemos la obligaci\u00f3n de dejarle al pr\u00f3ximo gobernador una provincia mucho mejor. Quiero que Corrientes vuelva a hacer una provincia esplendorosa y para eso tenemos que poner el compromiso y los valores. Podemos construir una provincia y una patria mejor. Tenemos la obligaci\u00f3n de construir nuestro futuro juntos\u201d.<br>Participaron en el encuentro el Ministro de Justicia y Derechos Humanos del Gobierno provincial, y vicepresidente del partido Dr. Juan Jos\u00e9 L\u00f3pez Desimoni; Diputada provincial y vicepresidenta primera del partido Albana Rotela, diputado provincial Javier S\u00e1ez, Secretario de Turismo y Deportes del Municipio y presidente del Comit\u00e9 C,apital PP, Juan Enrique Braillard Poccard; Subsecretario de Transporte de la Municipalidad, Dr. Lisandro Rueda, Secretario de Salud de la Municipalidad de Corrientes, Dr. Rafael Corona, Concejal Melisa Mecca, viceintendente de Ita Ibate, Rolando Riveros, concejal de Saladas, &#8220;Kike&#8221; Borsatto; concejal de San Luis del Palmar, Victoria Navarro; concejal de Riachuelo Nicol\u00e1s Tejo, Subsecretario de Asuntos del Estado Jos\u00e9 Vasell de Goya, Macarena Galarza, presidente de la Juventud PP, Alejandro L\u00f3pez Desimoni, los senadores radicales Sergio Flinta, Noel Breard y Di\u00f3genes Gonz\u00e1lez, dirigentes de toda la provincia y todos los circuitos de Capital.<\/p>\n\n\n\n<figure class=\"wp-block-embed is-type-video is-provider-youtube wp-block-embed-youtube wp-embed-aspect-16-9 wp-has-aspect-ratio\"><div class=\"wp-block-embed__wrapper\">\n<iframe loading=\"lazy\" title=\"Encuentro Provincial del Partido Popular\" width=\"1110\" height=\"624\" src=\"https:\/\/www.youtube.com\/embed\/t3mBAODPtW8?feature=oembed\" frameborder=\"0\" allow=\"accelerometer; autoplay; clipboard-write; encrypted-media; gyroscope; picture-in-picture; web-share\" allowfullscreen><\/iframe>\n<\/div><\/figure>\n","protected":false},"excerpt":{"rendered":"<p>El Partido Popular, que integra la alianza gobernante en la provincia Encuentro por Corrientes (ECO)+Vamos Corrientes, realiz\u00f3 este viernes su primera reuni\u00f3n anual, encabezada por el Vicegobernador, Pedro Braillard Poccard,&hellip; <\/p>\n","protected":false},"author":1,"featured_media":42812,"comment_status":"closed","ping_status":"open","sticky":false,"template":"","format":"standard","meta":{"footnotes":""},"categories":[8],"tags":[],"class_list":["post-42808","post","type-post","status-publish","format-standard","has-post-thumbnail","hentry","category-locales"],"_links":{"self":[{"href":"https:\/\/corrientesdetarde.com\/index.php\/wp-json\/wp\/v2\/posts\/42808","targetHints":{"allow":["GET"]}}],"collection":[{"href":"https:\/\/corrientesdetarde.com\/index.php\/wp-json\/wp\/v2\/posts"}],"about":[{"href":"https:\/\/corrientesdetarde.com\/index.php\/wp-json\/wp\/v2\/types\/post"}],"author":[{"embeddable":true,"href":"https:\/\/corrientesdetarde.com\/index.php\/wp-json\/wp\/v2\/users\/1"}],"replies":[{"embeddable":true,"href":"https:\/\/corrientesdetarde.com\/index.php\/wp-json\/wp\/v2\/comments?post=42808"}],"version-history":[{"count":1,"href":"https:\/\/corrientesdetarde.com\/index.php\/wp-json\/wp\/v2\/posts\/42808\/revisions"}],"predecessor-version":[{"id":42813,"href":"https:\/\/corrientesdetarde.com\/index.php\/wp-json\/wp\/v2\/posts\/42808\/revisions\/42813"}],"wp:featuredmedia":[{"embeddable":true,"href":"https:\/\/corrientesdetarde.com\/index.php\/wp-json\/wp\/v2\/media\/42812"}],"wp:attachment":[{"href":"https:\/\/corrientesdetarde.com\/index.php\/wp-json\/wp\/v2\/media?parent=42808"}],"wp:term":[{"taxonomy":"category","embeddable":true,"href":"https:\/\/corrientesdetarde.com\/index.php\/wp-json\/wp\/v2\/categories?post=42808"},{"taxonomy":"post_tag","embeddable":true,"href":"https:\/\/corrientesdetarde.com\/index.php\/wp-json\/wp\/v2\/tags?post=42808"}],"curies":[{"name":"wp","href":"https:\/\/api.w.org\/{rel}","templated":true}]}}