{"id":43071,"date":"2023-02-26T11:38:05","date_gmt":"2023-02-26T14:38:05","guid":{"rendered":"https:\/\/corrientesdetarde.com\/?p=43071"},"modified":"2023-02-26T11:38:07","modified_gmt":"2023-02-26T14:38:07","slug":"zonas-afectadas-por-los-incendios-en-el-parque-ibera","status":"publish","type":"post","link":"https:\/\/corrientesdetarde.com\/index.php\/medio-ambiente\/zonas-afectadas-por-los-incendios-en-el-parque-ibera\/","title":{"rendered":"zonas afectadas por los incendios en el Parque Ibera"},"content":{"rendered":"\n<p>Sobrevuelo en zonas afectadas por los incendios en el Parque Ibera. Podemos ver la dimensi\u00f3n del \u00e1rea quemada como tambi\u00e9n el avance del fuego sobre la vegetaci\u00f3n del parque Ibera.<\/p>\n\n\n\n<figure class=\"wp-block-video\"><video controls src=\"https:\/\/corrientesdetarde.com\/wp-content\/uploads\/2023\/02\/111.mp4\"><\/video><\/figure>\n","protected":false},"excerpt":{"rendered":"<p>Sobrevuelo en zonas afectadas por los incendios en el Parque Ibera. Podemos ver la dimensi\u00f3n del \u00e1rea quemada como tambi\u00e9n el avance del fuego sobre la vegetaci\u00f3n del parque Ibera.<\/p>\n","protected":false},"author":4,"featured_media":43138,"comment_status":"closed","ping_status":"open","sticky":false,"template":"","format":"standard","meta":{"footnotes":""},"categories":[6],"tags":[],"class_list":["post-43071","post","type-post","status-publish","format-standard","has-post-thumbnail","hentry","category-medio-ambiente"],"_links":{"self":[{"href":"https:\/\/corrientesdetarde.com\/index.php\/wp-json\/wp\/v2\/posts\/43071","targetHints":{"allow":["GET"]}}],"collection":[{"href":"https:\/\/corrientesdetarde.com\/index.php\/wp-json\/wp\/v2\/posts"}],"about":[{"href":"https:\/\/corrientesdetarde.com\/index.php\/wp-json\/wp\/v2\/types\/post"}],"author":[{"embeddable":true,"href":"https:\/\/corrientesdetarde.com\/index.php\/wp-json\/wp\/v2\/users\/4"}],"replies":[{"embeddable":true,"href":"https:\/\/corrientesdetarde.com\/index.php\/wp-json\/wp\/v2\/comments?post=43071"}],"version-history":[{"count":1,"href":"https:\/\/corrientesdetarde.com\/index.php\/wp-json\/wp\/v2\/posts\/43071\/revisions"}],"predecessor-version":[{"id":43139,"href":"https:\/\/corrientesdetarde.com\/index.php\/wp-json\/wp\/v2\/posts\/43071\/revisions\/43139"}],"wp:featuredmedia":[{"embeddable":true,"href":"https:\/\/corrientesdetarde.com\/index.php\/wp-json\/wp\/v2\/media\/43138"}],"wp:attachment":[{"href":"https:\/\/corrientesdetarde.com\/index.php\/wp-json\/wp\/v2\/media?parent=43071"}],"wp:term":[{"taxonomy":"category","embeddable":true,"href":"https:\/\/corrientesdetarde.com\/index.php\/wp-json\/wp\/v2\/categories?post=43071"},{"taxonomy":"post_tag","embeddable":true,"href":"https:\/\/corrientesdetarde.com\/index.php\/wp-json\/wp\/v2\/tags?post=43071"}],"curies":[{"name":"wp","href":"https:\/\/api.w.org\/{rel}","templated":true}]}}