{"id":43121,"date":"2023-02-26T10:38:49","date_gmt":"2023-02-26T13:38:49","guid":{"rendered":"https:\/\/corrientesdetarde.com\/?p=43121"},"modified":"2023-02-26T10:41:45","modified_gmt":"2023-02-26T13:41:45","slug":"1-megatonelada-de-carbono-a-la-atmosfera-emitida-solo-por-corrientes","status":"publish","type":"post","link":"https:\/\/corrientesdetarde.com\/index.php\/sociales\/1-megatonelada-de-carbono-a-la-atmosfera-emitida-solo-por-corrientes\/","title":{"rendered":"UNA megatonelada de carbono a la atm\u00f3sfera\u00a0emitida solo por Corrientes"},"content":{"rendered":"\n<p>Es el segundo nivel m\u00e1s alto de emisiones de incendios en la provincia (detr\u00e1s de 2022) para estos meses de enero y febrero en las \u00faltimas dos d\u00e9cadas.&nbsp;<\/p>\n\n\n\n<p>Un informe del programa de observaci\u00f3n satelital de la Uni\u00f3n Europea, Copernicus, detall\u00f3 que por los incendios en el territorio provincial, Corrientes ya emiti\u00f3 a la atm\u00f3sfera este a\u00f1o casi 1 megatonelada de carbono. Es el segundo nivel m\u00e1s alto de emisiones de carbono de incendios en la provincia (detr\u00e1s de 2022) para estos meses de enero y febrero en los \u00faltimos 20 a\u00f1os.<\/p>\n\n\n\n<p>Las im\u00e1genes tambi\u00e9n muestran c\u00f3mo&nbsp;<strong>el humo en torno a los Esteros del Iber\u00e1 en las \u00faltimas semanas afect\u00f3 a todo el entorno de la provincia de Corrientes<\/strong>. Dependiendo de la direcci\u00f3n del viento, se alter\u00f3 as\u00ed la calidad del aire del Chaco, Paraguay (donde recomendaron a la poblaci\u00f3n propensa al asma o las alergias que usen barbijos o tapabocas), Santa Fe e incluso Buenos Aires.<\/p>\n\n\n\n<p>En 2022 y en lo que va de 2023, la actividad de incendios ha sido inusualmente alta en la regi\u00f3n, seg\u00fan Mark Parrington, cient\u00edfico principal del Servicio de Monitoreo de la Atm\u00f3sfera de Copernicus (Cams). El Sistema Global de Asimilaci\u00f3n de Incendios (Gfas) de Cams utiliza datos de incendios activos de los sensores del espectrorradi\u00f3metro de im\u00e1genes de resoluci\u00f3n moderada (Modis) de la Nasa para estimar las emisiones de los incendios de vegetaci\u00f3n que luego se utilizan para pronosticar los impactos en la calidad del aire de la quema de biomasa.<\/p>\n\n\n\n<p>El conjunto total de datos inici\u00f3 en 2003.<\/p>\n\n\n\n<p><strong>Valores altos<\/strong><\/p>\n\n\n\n<p>\u201cPor segundo a\u00f1o consecutivo, la provincia de Corrientes est\u00e1 experimentando una actividad de incendios mucho mayor que la experimentada en las \u00faltimas dos d\u00e9cadas\u201d, dijo Parrington.<\/p>\n\n\n\n<p>\u201cEn lo que va del a\u00f1o,&nbsp;<strong>los incendios parecen estar mucho m\u00e1s localizados alrededor de los humedales del Iber\u00e1&nbsp;<\/strong>en comparaci\u00f3n con los incendios m\u00e1s generalizados en el norte de Argentina y el sur de Paraguay en 2022\u201d, indic\u00f3 el cient\u00edfico.&nbsp;<strong>A nivel local se estima que desde diciembre el fuego ya afect\u00f3 a m\u00e1s de 76.000 hect\u00e1reas de superficie del Parque Nacional Iber\u00e1<\/strong>.&nbsp;<\/p>\n\n\n\n<p>Parrington tambi\u00e9n se\u00f1al\u00f3 en su informe el valor alto de aerosoles atmosf\u00e9ricos emitidos desde los incendios de la provincia.&nbsp;<\/p>\n\n\n\n<p>Los aerosoles atmosf\u00e9ricos son peque\u00f1as part\u00edculas o gotitas de l\u00edquido que se encuentran suspendidas en la atm\u00f3sfera. Pueden originarse a partir del polvo del desierto, erupciones volc\u00e1nicas e incendios forestales. Tambi\u00e9n son producidos por la actividad humana.&nbsp;<\/p>\n\n\n\n<p>La profundidad \u00f3ptica del aerosol (AOD) es una medida de la cantidad total de aerosol en una columna vertical de la atm\u00f3sfera.<\/p>\n\n\n\n<figure class=\"wp-block-image\"><img decoding=\"async\" src=\"https:\/\/pxc.cdn.ellitoral.com.ar\/litoral\/022023\/1677378901767\/08%20f2.webp?cw=656&amp;ch=505&amp;extw=png\" alt=\"Incendios en Corrientes. El gr\u00e1fico elaborado por Cams muestra alta actividad para enero y febrero por segundo a\u00f1o consecutivo, con emisiones estimadas desde el 1 de enero hasta el 21 de febrero.\"\/><\/figure>\n\n\n\n<p><strong>Comparaciones<\/strong><\/p>\n\n\n\n<p>Para el a\u00f1o pasado y en un lapso de tiempo similar a los meses de enero y febrero, la cantidad de carbono emitido fue mayor, as\u00ed como mayor la cantidad de hect\u00e1reas quemadas en Corrientes en comparaci\u00f3n a este a\u00f1o.&nbsp;<strong>Copernicus inform\u00f3 entonces que las emisiones totales de carbono estimadas en Argentina ascendieron en 2022 a casi 12 megatoneladas, con m\u00e1s de 8,5 megatoneladas generadas por incendios en el norte del pa\u00eds, incluidos m\u00e1s de 5,5 megatoneladas en la provincia de Corrientes.<\/strong><\/p>\n\n\n\n<p>Algo similar ocurri\u00f3 en Chile. El monitoreo Cams de emisiones de carbono de incendios forestales muestra emisiones en enero y febrero de este a\u00f1o de casi 4 megatoneladas de carbono, lo que significa que 2023 ya tiene el segundo nivel m\u00e1s alto de emisiones de carbono de incendios forestales tambi\u00e9n en Chile para estos meses en los \u00faltimos 20 a\u00f1os. Las emisiones en los primeros dos meses del a\u00f1o son casi la mitad del nivel de emisiones r\u00e9cord en 2017, que se debieron a los devastadores incendios en enero de ese a\u00f1o.<\/p>\n\n\n\n<p>En las regiones del Biob\u00edo, La Araucan\u00eda y \u00d1uble, las emisiones de carbono en enero y febrero ascendieron a m\u00e1s de 2,5 megatoneladas, 1,4 megatoneladas y 0,7 megatoneladas respectivamente, los niveles de emisi\u00f3n m\u00e1s altos en los \u00faltimos 20 a\u00f1os para las tres regiones. Las emisiones de B\u00edo-B\u00edo y La Araucan\u00eda son m\u00e1s del doble de sus niveles r\u00e9cord anteriores (establecidos en 2017 en Bio-B\u00edo y 2008 en La Araucan\u00eda).<\/p>\n\n\n\n<p><strong>Cambio clim\u00e1tico<\/strong><\/p>\n\n\n\n<p>Aunque el origen de los incendios en Corrientes no est\u00e1 claro,&nbsp;<strong>la sequ\u00eda prolongada y las altas temperaturas en la regi\u00f3n contribuyeron a la quema de biomasa en la zona de reservas<\/strong>.&nbsp;<\/p>\n\n\n\n<p>El Servicio Meteorol\u00f3gico Nacional de Argentina inform\u00f3 que durante este verano ya se evidenci\u00f3 el inusual n\u00famero de&nbsp;<strong>8 olas de calor; y existe la posibilidad de que ocurra otra m\u00e1s durante los pr\u00f3ximos d\u00edas<\/strong>. As\u00ed ya se rompieron los r\u00e9cords de temperatura en 27 ciudades argentinas.<\/p>\n\n\n\n<p>Las sucesivas olas de calor&nbsp;exacerbaron la sequ\u00eda de varios a\u00f1os en el centro de Am\u00e9rica del Sur. Seg\u00fan la iniciativa World Weather Attribution (WWA), una colaboraci\u00f3n entre cient\u00edficos del clima en seis pa\u00edses, este&nbsp;tercer a\u00f1o consecutivo de La Ni\u00f1a est\u00e1 contribuyendo a una sequ\u00eda prolongada en Argentina y Paraguay.&nbsp;<\/p>\n\n\n\n<p>En los \u00faltimos tres meses de 2022, los totales de lluvia en el centro de Argentina fueron los m\u00e1s bajos en m\u00e1s de medio siglo. La falta de lluvia disminuy\u00f3 dr\u00e1sticamente los rendimientos de trigo, soja y otros cultivos.<\/p>\n\n\n\n<p><strong>Aunque La Ni\u00f1a es responsable de la falta de lluvia, el cambio clim\u00e1tico causado por el hombre hizo que las recientes temperaturas extremas en la regi\u00f3n fueran 60 veces m\u00e1s probables, seg\u00fan investigadores de WWA<\/strong>.<\/p>\n","protected":false},"excerpt":{"rendered":"<p>Es el segundo nivel m\u00e1s alto de emisiones de incendios en la provincia (detr\u00e1s de 2022) para estos meses de enero y febrero en las \u00faltimas dos d\u00e9cadas.&nbsp; Un informe&hellip; <\/p>\n","protected":false},"author":4,"featured_media":43122,"comment_status":"closed","ping_status":"open","sticky":false,"template":"","format":"standard","meta":{"footnotes":""},"categories":[17],"tags":[],"class_list":["post-43121","post","type-post","status-publish","format-standard","has-post-thumbnail","hentry","category-sociales"],"_links":{"self":[{"href":"https:\/\/corrientesdetarde.com\/index.php\/wp-json\/wp\/v2\/posts\/43121","targetHints":{"allow":["GET"]}}],"collection":[{"href":"https:\/\/corrientesdetarde.com\/index.php\/wp-json\/wp\/v2\/posts"}],"about":[{"href":"https:\/\/corrientesdetarde.com\/index.php\/wp-json\/wp\/v2\/types\/post"}],"author":[{"embeddable":true,"href":"https:\/\/corrientesdetarde.com\/index.php\/wp-json\/wp\/v2\/users\/4"}],"replies":[{"embeddable":true,"href":"https:\/\/corrientesdetarde.com\/index.php\/wp-json\/wp\/v2\/comments?post=43121"}],"version-history":[{"count":2,"href":"https:\/\/corrientesdetarde.com\/index.php\/wp-json\/wp\/v2\/posts\/43121\/revisions"}],"predecessor-version":[{"id":43124,"href":"https:\/\/corrientesdetarde.com\/index.php\/wp-json\/wp\/v2\/posts\/43121\/revisions\/43124"}],"wp:featuredmedia":[{"embeddable":true,"href":"https:\/\/corrientesdetarde.com\/index.php\/wp-json\/wp\/v2\/media\/43122"}],"wp:attachment":[{"href":"https:\/\/corrientesdetarde.com\/index.php\/wp-json\/wp\/v2\/media?parent=43121"}],"wp:term":[{"taxonomy":"category","embeddable":true,"href":"https:\/\/corrientesdetarde.com\/index.php\/wp-json\/wp\/v2\/categories?post=43121"},{"taxonomy":"post_tag","embeddable":true,"href":"https:\/\/corrientesdetarde.com\/index.php\/wp-json\/wp\/v2\/tags?post=43121"}],"curies":[{"name":"wp","href":"https:\/\/api.w.org\/{rel}","templated":true}]}}