{"id":43128,"date":"2023-02-26T10:55:29","date_gmt":"2023-02-26T13:55:29","guid":{"rendered":"https:\/\/corrientesdetarde.com\/?p=43128"},"modified":"2023-02-26T10:55:33","modified_gmt":"2023-02-26T13:55:33","slug":"amnistia-internacional-sugirio-que-se-suspenda-la-compra-de-las-pistolas-taser","status":"publish","type":"post","link":"https:\/\/corrientesdetarde.com\/index.php\/internacionales\/amnistia-internacional-sugirio-que-se-suspenda-la-compra-de-las-pistolas-taser\/","title":{"rendered":"Amnist\u00eda Internacional sugiri\u00f3 que se suspenda la compra de las pistolas taser"},"content":{"rendered":"\n<p>La organizaci\u00f3n condicion\u00f3 su aprobaci\u00f3n a &#8220;asegurar que todos los funcionarios reciban formaci\u00f3n adecuada y basada en los est\u00e1ndares internacionales sobre uso de la fuerza&#8221; y a &#8220;prohibir terminantemente su uso&#8221; en sectores vulnerables de la poblaci\u00f3n.<\/p>\n\n\n\n<p>La organizaci\u00f3n Amnist\u00eda Internacional recomend\u00f3 &#8220;suspender las compras de armas tipo Taser y otras armas de electrochoque, as\u00ed como su uso, hasta que no se realice una investigaci\u00f3n rigurosa, independiente e imparcial sobre su uso y efectos&#8221;.<\/p>\n\n\n\n<p>Entre los requisitos a los que supedit\u00f3 una eventual autorizaci\u00f3n al uso de esas armas, Amnist\u00eda reclam\u00f3 &#8220;asegurar que todos los funcionarios reciban formaci\u00f3n adecuada y basada en los est\u00e1ndares internacionales sobre uso de la fuerza&#8221;.<\/p>\n\n\n\n<p>Adem\u00e1s, propuso &#8220;prohibir terminantemente su uso contra mujeres embarazadas, ancianos, ni\u00f1os, ni\u00f1as y j\u00f3venes menores de edad, personas con trastornos emocionales, personas que presenten alguna discapacidad ps\u00edquica o f\u00edsica, personas en situaciones de vulnerabilidad, personas bajo los efectos de las drogas&#8221;.<\/p>\n\n\n\n<p>La entidad humanitaria envi\u00f3 un &#8220;pedido de acceso a la informaci\u00f3n&#8221; al Ministerio de Seguridad ante el anuncio de compra de armas Taser.<\/p>\n\n\n\n<p>La organizaci\u00f3n humanitaria reclam\u00f3 a las autoridades nacionales &#8220;detalles sobre el tipo y la cantidad de armas el\u00e9ctricas compradas, qu\u00e9 efectivos utilizar\u00e1n esas armas y cu\u00e1les ser\u00e1n los criterios de selecci\u00f3n, qu\u00e9 capacitaciones se brindar\u00e1n y los procedimientos de rendici\u00f3n de cuentas&#8221;.<\/p>\n\n\n\n<p>Amnist\u00eda record\u00f3 su &#8220;preocupaci\u00f3n ante el mal uso de este tipo de armas&#8221;, del mismo modo que lo hab\u00eda manifestado en 2015 &#8220;cuando se debat\u00eda la compra de las armas de electrochoque por parte de la Ciudad de Buenos Aires&#8221;.<\/p>\n\n\n\n<p>Seg\u00fan la organizaci\u00f3n humanitaria, las Taser &#8220;presentan un alto riesgo de que se utilicen de manera excesiva (incluyendo malos tratos y torturas) debido a que no dejan rastros visibles de lesiones o sufrimiento&#8221;.<\/p>\n\n\n\n<p>Adem\u00e1s, agregaron en un documento, &#8220;tienen la capacidad de infligir dolor severo pulsando un bot\u00f3n, pero casi no deja huellas en la persona y el sufrimiento serio causado no es visible para la fuerza de seguridad que est\u00e1 utilizando&#8221;.<\/p>\n\n\n\n<p>La organizaci\u00f3n subray\u00f3 que el Comit\u00e9 contra la Tortura de la ONU determin\u00f3 que ese tipo de armas deben ser utilizadas &#8220;s\u00f3lo en situaciones extremas y limitadas cuando haya una amenaza real e inminente para la vida o un riesgo de lesiones graves&#8221;.<\/p>\n\n\n\n<p>Sin embargo, &#8220;muchas veces son utilizadas en modo \u2018aturdimiento\u2019 a partir de la descarga continua o prolongada si se aprieta reiteradas veces el gatillo o se mantiene apretado, con la intenci\u00f3n de infligir dolor, lo que equivale a tratos crueles, inhumanos o degradantes&#8221;.<\/p>\n\n\n\n<p>Amnist\u00eda Internacional recomend\u00f3 tambi\u00e9n &#8220;establecer un marco legal que limite estrictamente su uso a situaciones en las que la alternativa ser\u00eda el uso de la fuerza letal, de acuerdo con los Principios B\u00e1sicos de las Naciones Unidas sobre el uso de la fuerza y de armas de fuego&#8221;.<\/p>\n\n\n\n<p>&#8220;El mantenimiento del orden y la seguridad no debe contraponerse con los derechos humanos&#8221;, resume el documento.<\/p>\n","protected":false},"excerpt":{"rendered":"<p>La organizaci\u00f3n condicion\u00f3 su aprobaci\u00f3n a &#8220;asegurar que todos los funcionarios reciban formaci\u00f3n adecuada y basada en los est\u00e1ndares internacionales sobre uso de la fuerza&#8221; y a &#8220;prohibir terminantemente su&hellip; <\/p>\n","protected":false},"author":4,"featured_media":43129,"comment_status":"closed","ping_status":"open","sticky":false,"template":"","format":"standard","meta":{"footnotes":""},"categories":[11],"tags":[],"class_list":["post-43128","post","type-post","status-publish","format-standard","has-post-thumbnail","hentry","category-internacionales"],"_links":{"self":[{"href":"https:\/\/corrientesdetarde.com\/index.php\/wp-json\/wp\/v2\/posts\/43128","targetHints":{"allow":["GET"]}}],"collection":[{"href":"https:\/\/corrientesdetarde.com\/index.php\/wp-json\/wp\/v2\/posts"}],"about":[{"href":"https:\/\/corrientesdetarde.com\/index.php\/wp-json\/wp\/v2\/types\/post"}],"author":[{"embeddable":true,"href":"https:\/\/corrientesdetarde.com\/index.php\/wp-json\/wp\/v2\/users\/4"}],"replies":[{"embeddable":true,"href":"https:\/\/corrientesdetarde.com\/index.php\/wp-json\/wp\/v2\/comments?post=43128"}],"version-history":[{"count":1,"href":"https:\/\/corrientesdetarde.com\/index.php\/wp-json\/wp\/v2\/posts\/43128\/revisions"}],"predecessor-version":[{"id":43130,"href":"https:\/\/corrientesdetarde.com\/index.php\/wp-json\/wp\/v2\/posts\/43128\/revisions\/43130"}],"wp:featuredmedia":[{"embeddable":true,"href":"https:\/\/corrientesdetarde.com\/index.php\/wp-json\/wp\/v2\/media\/43129"}],"wp:attachment":[{"href":"https:\/\/corrientesdetarde.com\/index.php\/wp-json\/wp\/v2\/media?parent=43128"}],"wp:term":[{"taxonomy":"category","embeddable":true,"href":"https:\/\/corrientesdetarde.com\/index.php\/wp-json\/wp\/v2\/categories?post=43128"},{"taxonomy":"post_tag","embeddable":true,"href":"https:\/\/corrientesdetarde.com\/index.php\/wp-json\/wp\/v2\/tags?post=43128"}],"curies":[{"name":"wp","href":"https:\/\/api.w.org\/{rel}","templated":true}]}}