{"id":43308,"date":"2023-02-27T12:15:14","date_gmt":"2023-02-27T15:15:14","guid":{"rendered":"https:\/\/corrientesdetarde.com\/?p=43308"},"modified":"2023-02-27T12:15:18","modified_gmt":"2023-02-27T15:15:18","slug":"situacion-ignea-la-provincia-registro-3-focos-de-incendios-2","status":"publish","type":"post","link":"https:\/\/corrientesdetarde.com\/index.php\/locales\/situacion-ignea-la-provincia-registro-3-focos-de-incendios-2\/","title":{"rendered":"Situaci\u00f3n \u00cdgnea: la provincia registr\u00f3 3 focos de incendios"},"content":{"rendered":"\n<p>El Comando Operativo de Emergencias (COE) de la provincia de Corrientes inform\u00f3 este lunes 27 de febrero, que en las \u00faltimas horas se registraron 3 focos de incendios en Ramada Paso, San Miguel y Villa Olivari.<\/p>\n\n\n\n<p>De esos focos, 1 se encuentra activo y 2 en observaci\u00f3n.<\/p>\n\n\n\n<p>El COE, cuyas instalaciones se encuentran en el Ministerio de Seguridad, tiene como objetivo definir las distintas acciones para hacer frente a eventuales focos \u00edgneos y para su prevenci\u00f3n, con la implementaci\u00f3n de equipos de \u00faltima tecnolog\u00eda. Est\u00e1 conformado por miembros del Gobierno provincial, del nacional, la Polic\u00eda de Corrientes, Bomberos Voluntarios, Ej\u00e9rcito, Prefectura Naval, Cruz Roja Internacional y el sector privado.<\/p>\n\n\n\n<figure class=\"wp-block-image size-full\"><img loading=\"lazy\" decoding=\"async\" width=\"603\" height=\"886\" src=\"https:\/\/corrientesdetarde.com\/wp-content\/uploads\/2023\/02\/Captura-de-pantalla-2023-02-27-120755.png\" alt=\"\" class=\"wp-image-43310\" srcset=\"https:\/\/corrientesdetarde.com\/wp-content\/uploads\/2023\/02\/Captura-de-pantalla-2023-02-27-120755.png 603w, https:\/\/corrientesdetarde.com\/wp-content\/uploads\/2023\/02\/Captura-de-pantalla-2023-02-27-120755-204x300.png 204w\" sizes=\"auto, (max-width: 603px) 100vw, 603px\" \/><\/figure>\n","protected":false},"excerpt":{"rendered":"<p>El Comando Operativo de Emergencias (COE) de la provincia de Corrientes inform\u00f3 este lunes 27 de febrero, que en las \u00faltimas horas se registraron 3 focos de incendios en Ramada&hellip; <\/p>\n","protected":false},"author":4,"featured_media":43309,"comment_status":"closed","ping_status":"open","sticky":false,"template":"","format":"standard","meta":{"footnotes":""},"categories":[8],"tags":[],"class_list":["post-43308","post","type-post","status-publish","format-standard","has-post-thumbnail","hentry","category-locales"],"_links":{"self":[{"href":"https:\/\/corrientesdetarde.com\/index.php\/wp-json\/wp\/v2\/posts\/43308","targetHints":{"allow":["GET"]}}],"collection":[{"href":"https:\/\/corrientesdetarde.com\/index.php\/wp-json\/wp\/v2\/posts"}],"about":[{"href":"https:\/\/corrientesdetarde.com\/index.php\/wp-json\/wp\/v2\/types\/post"}],"author":[{"embeddable":true,"href":"https:\/\/corrientesdetarde.com\/index.php\/wp-json\/wp\/v2\/users\/4"}],"replies":[{"embeddable":true,"href":"https:\/\/corrientesdetarde.com\/index.php\/wp-json\/wp\/v2\/comments?post=43308"}],"version-history":[{"count":1,"href":"https:\/\/corrientesdetarde.com\/index.php\/wp-json\/wp\/v2\/posts\/43308\/revisions"}],"predecessor-version":[{"id":43311,"href":"https:\/\/corrientesdetarde.com\/index.php\/wp-json\/wp\/v2\/posts\/43308\/revisions\/43311"}],"wp:featuredmedia":[{"embeddable":true,"href":"https:\/\/corrientesdetarde.com\/index.php\/wp-json\/wp\/v2\/media\/43309"}],"wp:attachment":[{"href":"https:\/\/corrientesdetarde.com\/index.php\/wp-json\/wp\/v2\/media?parent=43308"}],"wp:term":[{"taxonomy":"category","embeddable":true,"href":"https:\/\/corrientesdetarde.com\/index.php\/wp-json\/wp\/v2\/categories?post=43308"},{"taxonomy":"post_tag","embeddable":true,"href":"https:\/\/corrientesdetarde.com\/index.php\/wp-json\/wp\/v2\/tags?post=43308"}],"curies":[{"name":"wp","href":"https:\/\/api.w.org\/{rel}","templated":true}]}}