{"id":43325,"date":"2023-02-27T14:31:05","date_gmt":"2023-02-27T17:31:05","guid":{"rendered":"https:\/\/corrientesdetarde.com\/?p=43325"},"modified":"2023-02-27T14:39:16","modified_gmt":"2023-02-27T17:39:16","slug":"el-gobernador-valdes-dejara-inaugurado-el-239-periodo-ordinario-de-sesiones-legislativas","status":"publish","type":"post","link":"https:\/\/corrientesdetarde.com\/index.php\/politica\/el-gobernador-valdes-dejara-inaugurado-el-239-periodo-ordinario-de-sesiones-legislativas\/","title":{"rendered":"El Gobernador Vald\u00e9s dejar\u00e1 inaugurado el 239\u00b0 Per\u00edodo Ordinario de Sesiones Legislativas"},"content":{"rendered":"\n<p>Este 1\u00b0 de marzo, el gobernador de la provincia emitir\u00e1 su mensaje sobre el estado de la administraci\u00f3n provincial y los objetivos de su gesti\u00f3n para el presente a\u00f1o, abriendo el Per\u00edodo de Sesiones Ordinarias. Su alocuci\u00f3n abordar\u00e1, adem\u00e1s, la elecci\u00f3n nacional de este a\u00f1o, \u201cpor una buena Presidencia y la salud del pa\u00eds\u201d.<\/p>\n\n\n\n<p>La ceremonia tendr\u00e1 lugar en la Legislatura Correntina desde las 9.30, sita en calle Salta 545, de Capital.<\/p>\n\n\n\n<p>Cabe recordar que el pasado viernes, Gustavo Vald\u00e9s anticip\u00f3 a la prensa que el discurso que emitir\u00e1 este mi\u00e9rcoles ser\u00e1 &#8220;claro&#8221; en el sentido del &#8220;a\u00f1o electoral&#8221;, que est\u00e1 iniciando, por tanto &#8220;de decisiones&#8221;. Al respecto, dese\u00f3 en la ocasi\u00f3n que &#8220;podamos estar encauzados en un proceso que nos encuentre unidos a los argentinos, que la &#8216;grieta&#8217; no nos mate, que la campa\u00f1a pol\u00edtica nos sea leve y que tengamos la posibilidad de elegir al mejor candidato a Presidente de la Naci\u00f3n, para que los argentinos podamos reflexionar y elegir al mejor, por una buena Presidencia y la salud del pa\u00eds\u201d.<\/p>\n","protected":false},"excerpt":{"rendered":"<p>Este 1\u00b0 de marzo, el gobernador de la provincia emitir\u00e1 su mensaje sobre el estado de la administraci\u00f3n provincial y los objetivos de su gesti\u00f3n para el presente a\u00f1o, abriendo&hellip; <\/p>\n","protected":false},"author":8,"featured_media":43326,"comment_status":"closed","ping_status":"open","sticky":false,"template":"","format":"standard","meta":{"footnotes":""},"categories":[3],"tags":[],"class_list":["post-43325","post","type-post","status-publish","format-standard","has-post-thumbnail","hentry","category-politica"],"_links":{"self":[{"href":"https:\/\/corrientesdetarde.com\/index.php\/wp-json\/wp\/v2\/posts\/43325","targetHints":{"allow":["GET"]}}],"collection":[{"href":"https:\/\/corrientesdetarde.com\/index.php\/wp-json\/wp\/v2\/posts"}],"about":[{"href":"https:\/\/corrientesdetarde.com\/index.php\/wp-json\/wp\/v2\/types\/post"}],"author":[{"embeddable":true,"href":"https:\/\/corrientesdetarde.com\/index.php\/wp-json\/wp\/v2\/users\/8"}],"replies":[{"embeddable":true,"href":"https:\/\/corrientesdetarde.com\/index.php\/wp-json\/wp\/v2\/comments?post=43325"}],"version-history":[{"count":1,"href":"https:\/\/corrientesdetarde.com\/index.php\/wp-json\/wp\/v2\/posts\/43325\/revisions"}],"predecessor-version":[{"id":43327,"href":"https:\/\/corrientesdetarde.com\/index.php\/wp-json\/wp\/v2\/posts\/43325\/revisions\/43327"}],"wp:featuredmedia":[{"embeddable":true,"href":"https:\/\/corrientesdetarde.com\/index.php\/wp-json\/wp\/v2\/media\/43326"}],"wp:attachment":[{"href":"https:\/\/corrientesdetarde.com\/index.php\/wp-json\/wp\/v2\/media?parent=43325"}],"wp:term":[{"taxonomy":"category","embeddable":true,"href":"https:\/\/corrientesdetarde.com\/index.php\/wp-json\/wp\/v2\/categories?post=43325"},{"taxonomy":"post_tag","embeddable":true,"href":"https:\/\/corrientesdetarde.com\/index.php\/wp-json\/wp\/v2\/tags?post=43325"}],"curies":[{"name":"wp","href":"https:\/\/api.w.org\/{rel}","templated":true}]}}