{"id":43912,"date":"2023-03-01T11:47:26","date_gmt":"2023-03-01T14:47:26","guid":{"rendered":"https:\/\/corrientesdetarde.com\/?p=43912"},"modified":"2023-03-01T11:47:30","modified_gmt":"2023-03-01T14:47:30","slug":"parques-industriales-viviendas-e-importantes-obras-viales-y-turisticas-en-municipios","status":"publish","type":"post","link":"https:\/\/corrientesdetarde.com\/index.php\/politica\/parques-industriales-viviendas-e-importantes-obras-viales-y-turisticas-en-municipios\/","title":{"rendered":"Parques industriales, viviendas e importantes obras viales y tur\u00edsticas en municipios"},"content":{"rendered":"\n<p><em>El gobernador Gustavo Vald\u00e9s hizo, este mi\u00e9rcoles ante la Asamblea Legislativa, un repaso por las obras viales que realiz\u00f3 la Provincia en decenas de municipios, alcanzando un un total de 167 cuadras, mientras contin\u00faan en ejecuci\u00f3n otras 153. Tambi\u00e9n valor\u00f3 el impulso a la red de 18 parques industriales provinciales o municipales que existen en Corrientes con una clara pol\u00edtica de desarrollo en la que tambi\u00e9n est\u00e1 el ecoturismo. En este sentido se puso en marcha el Plan Renacer Iber\u00e1 para la reintroducci\u00f3n de fauna, adem\u00e1s de otras pol\u00edticas vinculadas, como el est\u00edmulo a la inversi\u00f3n hotelera y afines. Y en la cuesti\u00f3n habitacional, fue contundente: &#8220;Es la primera vez en la historia que en Corrientes vamos a hacer m\u00e1s viviendas financiadas con fondos propios que de Naci\u00f3n&#8221;.<\/em><\/p>\n\n\n\n<p>&#8220;En materia vial, trabajamos en la construcci\u00f3n de alcantarillas, puentes, pavimentaci\u00f3n de accesos, cord\u00f3n cuneta, badenes, enripiado y pavimentaciones de hormig\u00f3n y asf\u00e1ltico.<\/p>\n\n\n\n<p>Terminamos 24 obras en San Luis del Palmar, Ita Ibat\u00e9, Lavalle, Yofre, Paso de los Libres, Capital, Itat\u00ed, Esquina, Goya e Ituzaing\u00f3. Y otras 23 contin\u00faan en ejecuci\u00f3n, sum\u00e1ndose San Cosme, Mercedes, San Carlos, Juan Pujol y San Roque.<\/p>\n\n\n\n<p>Trabajamos tambi\u00e9n en vialidad urbana en la Capital, San Lorenzo, Itat\u00ed, San Cosme e Ituzaing\u00f3, otorg\u00e1ndole a numerosos barrios mejores calles, redes de agua potable, cloacas, desag\u00fces pluviales e iluminaci\u00f3n.<\/p>\n\n\n\n<p>Finalizamos un total de 167 cuadras, mientras contin\u00faan en ejecuci\u00f3n otras 153.<\/p>\n\n\n\n<p>Para las obras mencionadas, es importante disponer de equipos viales, por lo que adquirimos 7 motoniveladoras, 7 camionetas, 9 retroescavadoras, 5 acoplados tanques, , 1 rodillo compactador, 2 rodillos autopropulsados, 1 terminadora asf\u00e1ltica y 1 cami\u00f3n para m\u00edxer. Y vamos a seguir invirtiendo en el parque de maquinarias necesario para prestar el servicio que hace falta en todo el territorio provincial.<\/p>\n\n\n\n<p>\u2014Quiero hablarles tambi\u00e9n de otra industria que viene creciendo, es la industria del turismo. El objetivo es el desarrollo local preservando el patrimonio natural y cultural que nos identifica.<\/p>\n\n\n\n<p>Vamos a seguir construyendo destinos, apostando al ecoturismo, creando productos innovadores, desarrollando la cadena de valor, asentados en la rica biodiversidad y en nuestra cultura; destacando la naturaleza y la cultura que son nuestra identidad.<\/p>\n\n\n\n<p>Los correntinos somos l\u00edderes en producci\u00f3n de naturaleza. Un concepto moderno a trav\u00e9s del cual no solo protegemos nuestro patrimonio ambiental, sino que lo ampliamos reintroduciendo especies en peligro de extinci\u00f3n.<\/p>\n\n\n\n<p>A partir de los incendios creamos el programa Renacer Iber\u00e1 destinado a la recuperaci\u00f3n de la flora y la fauna, y le otorgamos un fondo de 400 millones. La mitad de esos recursos fueron al Centro de Conservaci\u00f3n Aguar\u00e1 para la reintroducci\u00f3n de fauna.<\/p>\n\n\n\n<p>A trav\u00e9s del Plan Iber\u00e1 invertimos mucho en la zona para fomentar el turismo: caminos, comunicaciones, capacitaci\u00f3n de recursos humanos, energ\u00eda, museos, centros de interpretaci\u00f3n y desarrollo de nuevos portales.<\/p>\n\n\n\n<p>Hoy los Esteros del Iber\u00e1 se han posicionado como uno de los principales destinos tur\u00edsticos del pa\u00eds, destacado por la prensa especializada de todo el mundo. Y hay que decirlo, hace pocos a\u00f1os no exist\u00edamos en el listado de los destinos m\u00e1s apetecibles.<\/p>\n\n\n\n<p>Y con el desarrollo del turismo han surgido nuevas fuentes de trabajo en el Iber\u00e1 y en el resto de nuestra provincia: hoteles, posadas, restaurantes y emprendimientos de turismo receptivo.<\/p>\n\n\n\n<p>El a\u00f1o que pas\u00f3, entre el Banco de Corrientes y el Gobierno Provincial, ofrecimos 2.500 millones en cr\u00e9ditos a tasa subsidiada del 49%, hasta dos a\u00f1os de gracia y 72 cuotas, para refacci\u00f3n y ampliaci\u00f3n de hoteles y posadas. Y este a\u00f1o vamos a ofrecer otros 2.500 millones a la misma tasa y con las mismas condiciones, para la construcci\u00f3n de hoteles y posadas. Necesitamos m\u00e1s plazas y m\u00e1s confort, para que cada a\u00f1o m\u00e1s gente elija Corrientes como destino tur\u00edstico.<\/p>\n\n\n\n<p>Pero con todo esto que fui contando no alcanza. Queremos dar un paso m\u00e1s e incorporarle mayor valor agregado a nuestra producci\u00f3n primaria, para generar m\u00e1s y mejores empleos.<\/p>\n\n\n\n<p>Lo veamos o no, hoy estamos exportando trabajos que podr\u00edamos hacer nosotros y eso es algo que debemos revertir. La industrializaci\u00f3n de nuestras materias primas tenemos que hacerla los correntinos.<\/p>\n\n\n\n<p>Si tenemos madera, tenemos que hacer tableros y muebles. Si tenemos ganado, tenemos que faenar, envasar y exportar. Y as\u00ed con todos los sectores productivos.<\/p>\n\n\n\n<p>Actualmente Corrientes cuenta con una red de 18 parques industriales provinciales o municipales, distribuidos en toda nuestra geograf\u00eda. La idea es generar las condiciones para que las empresas nos elijan para radicarse, llev\u00e1ndoles energ\u00eda, controles ambientales, seguridad y conectividad. En definitiva, darles mayores ventajas comparativas.<\/p>\n\n\n\n<p>Hasta hace pocos a\u00f1os no ten\u00edamos parques industriales y hoy no solo tenemos parques especializados como el de Santa Rosa para la madera, sino que en muchos ya no hay lotes disponibles y estamos viendo c\u00f3mo ampliarlos.<\/p>\n\n\n\n<p>Analicemos por un instante la evoluci\u00f3n de la producci\u00f3n industrial. Todos los meses elaboramos el IPICORR, un \u00edndice que mide la actividad de la industria manufacturera.<\/p>\n\n\n\n<p>En agosto de 2022 ese \u00edndice mostr\u00f3 un crecimiento del 13,9% con respecto a agosto del a\u00f1o anterior. Eso es el doble que la media nacional medida por el INDEC que registr\u00f3 un 7%.<\/p>\n\n\n\n<p>Si miramos los datos, vamos a ver que somos una provincia en marcha y llena de oportunidades.<\/p>\n\n\n\n<p>Tenemos:<\/p>\n\n\n\n<p>\u2014Una ubicaci\u00f3n estrat\u00e9gica en el coraz\u00f3n del MERCOSUR.<\/p>\n\n\n\n<p>\u2014La Hidrov\u00eda para llevar nuestros productos al mundo.<\/p>\n\n\n\n<p>\u2014Una naturaleza generosa.<\/p>\n\n\n\n<p>\u2014Recursos humanos formados en nuestras universidades y en las tecnicaturas que creamos en todas las ciudades.<\/p>\n\n\n\n<p>Y en este gobierno, los empresarios tambi\u00e9n tienen quien los escuche, las puertas abiertas, la voluntad de ayudarlos. Les pido que vengan a vernos, que nos expliquen, que nos propongan, pero fundamentalmente que nos exijan respuestas para producir m\u00e1s y crear mejores empleos.&#8221;<\/p>\n\n\n\n<p>Viviendas:<\/p>\n\n\n\n<p>&#8220;Hablemos ahora del problema de la vivienda que acumula un importante d\u00e9ficit y es una de las grandes preocupaciones de los argentinos.<\/p>\n\n\n\n<p>Desde el INVICO tenemos en ejecuci\u00f3n 2.713 viviendas. El 64% se construyen con fondos provinciales y apenas el 30% proviene de fondos nacionales.<\/p>\n\n\n\n<p>A trav\u00e9s del Ministerio de Desarrollo Territorial y H\u00e1bitat de Naci\u00f3n nos habilitaron 920 viviendas, el 7% de las otorgadas al NEA. De m\u00e1s est\u00e1 decirles que somos la provincia que menos recibi\u00f3. En el otro extremo est\u00e1n Chaco con 5.373, Misiones con 4.478 y Formosa con 2.082. Despu\u00e9s que no me vengan con el federalismo y con que no discriminan a Corrientes.<\/p>\n\n\n\n<p>A pesar de todo, nosotros seguimos haciendo viviendas, infraestructura urbana, comisar\u00edas, instalaciones deportivas y refaccionando edificios hist\u00f3ricos como museos y templos.<\/p>\n\n\n\n<p>Por ejemplo, desde el Programa O\u00f1ondive, construimos m\u00f3dulos habitacionales b\u00e1sicos, con servicios p\u00fablicos y trazado de calles, a 493 familias en situaci\u00f3n de extrema vulnerabilidad. Tenemos otras 600 viviendas en ejecuci\u00f3n y proyectamos este a\u00f1o 400 m\u00e1s.<\/p>\n\n\n\n<p>Es la primera vez en la historia que en Corrientes vamos a hacer m\u00e1s viviendas financiadas con fondos propios que de Naci\u00f3n.&#8221;<\/p>\n","protected":false},"excerpt":{"rendered":"<p>El gobernador Gustavo Vald\u00e9s hizo, este mi\u00e9rcoles ante la Asamblea Legislativa, un repaso por las obras viales que realiz\u00f3 la Provincia en decenas de municipios, alcanzando un un total de&hellip; <\/p>\n","protected":false},"author":4,"featured_media":43932,"comment_status":"closed","ping_status":"open","sticky":false,"template":"","format":"standard","meta":{"footnotes":""},"categories":[3],"tags":[],"class_list":["post-43912","post","type-post","status-publish","format-standard","has-post-thumbnail","hentry","category-politica"],"_links":{"self":[{"href":"https:\/\/corrientesdetarde.com\/index.php\/wp-json\/wp\/v2\/posts\/43912","targetHints":{"allow":["GET"]}}],"collection":[{"href":"https:\/\/corrientesdetarde.com\/index.php\/wp-json\/wp\/v2\/posts"}],"about":[{"href":"https:\/\/corrientesdetarde.com\/index.php\/wp-json\/wp\/v2\/types\/post"}],"author":[{"embeddable":true,"href":"https:\/\/corrientesdetarde.com\/index.php\/wp-json\/wp\/v2\/users\/4"}],"replies":[{"embeddable":true,"href":"https:\/\/corrientesdetarde.com\/index.php\/wp-json\/wp\/v2\/comments?post=43912"}],"version-history":[{"count":1,"href":"https:\/\/corrientesdetarde.com\/index.php\/wp-json\/wp\/v2\/posts\/43912\/revisions"}],"predecessor-version":[{"id":43933,"href":"https:\/\/corrientesdetarde.com\/index.php\/wp-json\/wp\/v2\/posts\/43912\/revisions\/43933"}],"wp:featuredmedia":[{"embeddable":true,"href":"https:\/\/corrientesdetarde.com\/index.php\/wp-json\/wp\/v2\/media\/43932"}],"wp:attachment":[{"href":"https:\/\/corrientesdetarde.com\/index.php\/wp-json\/wp\/v2\/media?parent=43912"}],"wp:term":[{"taxonomy":"category","embeddable":true,"href":"https:\/\/corrientesdetarde.com\/index.php\/wp-json\/wp\/v2\/categories?post=43912"},{"taxonomy":"post_tag","embeddable":true,"href":"https:\/\/corrientesdetarde.com\/index.php\/wp-json\/wp\/v2\/tags?post=43912"}],"curies":[{"name":"wp","href":"https:\/\/api.w.org\/{rel}","templated":true}]}}