{"id":43934,"date":"2023-03-01T11:54:57","date_gmt":"2023-03-01T14:54:57","guid":{"rendered":"https:\/\/corrientesdetarde.com\/?p=43934"},"modified":"2023-03-01T11:55:00","modified_gmt":"2023-03-01T14:55:00","slug":"acceso-a-la-cultura-promocion-de-la-juventud-y-la-igualdad-de-genero-como-politicas-de-estado","status":"publish","type":"post","link":"https:\/\/corrientesdetarde.com\/index.php\/actualidad\/acceso-a-la-cultura-promocion-de-la-juventud-y-la-igualdad-de-genero-como-politicas-de-estado\/","title":{"rendered":"Acceso a la cultura, promoci\u00f3n de la juventud y la igualdad de g\u00e9nero como pol\u00edticas de Estado"},"content":{"rendered":"\n<p><em>Durante su discurso a la Asamblea Legislativa, el gobernador Gustavo Vald\u00e9s se refiri\u00f3 este mi\u00e9rcoles a la pol\u00edtica cultural del Gobierno provincial, destacando la Fiesta Nacional del Chamam\u00e9, Tarag\u00fc\u00ed Rock, la Feria del Libro, la plataforma virtual Corrientes Play, y el futuro Museo de Arte Contempor\u00e1neo Corrientes (MACC), que &#8220;va a poner a Corrientes a la altura de las ciudades m\u00e1s avanzadas en materia de espacios culturales&#8221; junto a La Unidad van a darle nuevos y modernos atractivos a la ciudad Capital. Vald\u00e9s tambi\u00e9n valor\u00f3 los nuevos derechos de Voto Joven y Paridad de G\u00e9nero, como as\u00ed tambi\u00e9n la lucha contra la violencia de g\u00e9nero. En este sentido, asegur\u00f3 que &#8220;estamos trabajando para dotar a las mujeres correntinas de mayores herramientas de denuncia, prevenci\u00f3n y atenci\u00f3n para garantizar su seguridad&#8221;.<\/em><\/p>\n\n\n\n<p>&nbsp;&#8220;Cumplimos el segundo aniversario del reconocimiento del Chamam\u00e9, Tarag\u00fc\u00ed Rock, la Feria del Libro, la plataforma virtual Corrientes Play, y el futuro Museo de Arte Contempor\u00e1neo Corrientes (MACC), que &#8220;va a poner a Corrientes a la altura de las ciudades m\u00e1s avanzadas en materia de espacios culturales&#8221; junto a La Unidad van a darle nuevos y modernos atractivos a la ciudad Capital. Vald\u00e9s tambi\u00e9n valor\u00f3 los nuevos derechos de Voto Joven y Paridad de G\u00e9nero, como as\u00ed tambi\u00e9n la lucha contra la violencia de g\u00e9nero. En este sentido, asegur\u00f3 que &#8220;estamos trabajando para dotar a las mujeres correntinas de mayores herramientas de denuncia, prevenci\u00f3n y atenci\u00f3n para garantizar su seguridad&#8221;.<\/p>\n\n\n\n<p>&#8220;Cumplimos el segundo aniversario del reconocimiento del Chamam\u00e9 como Patrimonio Inmaterial de la Humanidad por la UNESCO. Y lo celebramos en la Fiesta Nacional del Chamam\u00e9 que fue un \u00e9xito: 10 noches, m\u00e1s de 300 artistas y 120 mil espectadores que colmaron las instalaciones del Cocomarola.<\/p>\n\n\n\n<p>Y no es la \u00fanica expresi\u00f3n de la m\u00fasica que llen\u00f3 estadios. El Tarag\u00fc\u00ed Rock convoc\u00f3 a 20 mil espectadores, con 10 bandas nacionales de fuerte convocatoria y la oportunidad para otras 15 bandas correntinas de mostrarse frente a un p\u00fablico muy masivo.<\/p>\n\n\n\n<p>Puedo nombrar la Feria del Libro por la que pasaron 130 mil personas. La Feria Provincial de Artesan\u00edas en Empedrado con 150 artistas tradicionales. Nuestro mercado de arte, ArteCo, que fue visitada por 42 mil personas.<\/p>\n\n\n\n<p>La plataforma CorrientesPlay lleva publicados 1.850 videos (cortos, documentales, videoclips) todos de producci\u00f3n local, con temas de historia, turismo, gastronom\u00eda, mitos y leyendas y la m\u00fasica de la provincia. CorrientesPlay cuenta con 125.000 usuarios activos de Argentina y el mundo.<\/p>\n\n\n\n<p>Ya mencion\u00e9 que vamos a transformar la vieja c\u00e1rcel en La Unidad, un gran proyecto recreativo, comercial y cultural.<\/p>\n\n\n\n<p>Tambi\u00e9n vamos a retomar las obras del Museo de Cultura Guaran\u00ed en nuestra Capital y seguimos avanzando con el Museo del Carnaval en el parque Camba Cu\u00e1.<\/p>\n\n\n\n<p>Estamos trabajando en otra obra que va a poner a Corrientes a la altura de las ciudades m\u00e1s avanzadas en materia de espacios culturales. Se trata de la construcci\u00f3n del Museo de Arte Contempor\u00e1neo Corrientes (MACC) en las instalaciones del viejo BanCo de la esquina de San Juan y 9 de Julio, que se abrir\u00e1 hacia la plaza Juan de Vera que tambi\u00e9n ser\u00e1 reciclada.<\/p>\n\n\n\n<p>Vamos a remodelar el antiguo edificio conservando su esencia y le vamos a agregar otros cuatro pisos y una terraza accesible.<\/p>\n\n\n\n<p>Unos 4.000 m2 de una arquitectura moderna, con auditorio, pinacoteca, salones para exposiciones permanentes y transitorias, talleres y lugares de esparcimiento.<\/p>\n\n\n\n<p>La Unidad y el MACC van a darle nuevos y modernos atractivos a nuestra Capital.<\/p>\n\n\n\n<p>Hablemos de la ampliaci\u00f3n de derechos para mujeres y j\u00f3venes.<\/p>\n\n\n\n<p>Seg\u00fan el Censo 2022, los correntinos somos 1.197.553. Esto nos ubica como la d\u00e9cima provincia en poblaci\u00f3n y las mujeres son mayor\u00eda: 51,4%.<\/p>\n\n\n\n<p>Quiero se\u00f1alar y agradecer que esta legislatura aprob\u00f3 el a\u00f1o pasado 2 leyes fundamentales: Voto Joven y Paridad de G\u00e9nero.<\/p>\n\n\n\n<p>El Voto Joven habilita a los mayores de 16 a\u00f1os a elegir autoridades provinciales y municipales. Es un paso importante para que los j\u00f3venes expresen sus preferencias y asuman responsabilidades.<\/p>\n\n\n\n<p>La Ley de Paridad de G\u00e9nero permitir\u00e1 que las mujeres mejoren su representatividad en los cuerpos legislativos, pero queda mucho por hacer para que la igualdad de derechos sea efectiva.<\/p>\n\n\n\n<p>&nbsp;Por ejemplo, a pesar de ser mayor\u00eda en el pa\u00eds, las mujeres solo alcanzan el 33,6% de los empleos formales. Es decir, son m\u00e1s de la mitad de la poblaci\u00f3n y solo tienen un tercio de los empleos formales. Y a iguales responsabilidades, reciben peores salarios.<\/p>\n\n\n\n<p>Desde el Gobierno Provincial seguimos con mucha preocupaci\u00f3n el tema de la violencia de g\u00e9nero. Y estamos trabajando para dotar a las mujeres correntinas de mayores herramientas de denuncia, prevenci\u00f3n y atenci\u00f3n para garantizar su seguridad.<\/p>\n\n\n\n<p>Lo hacemos con claras directivas a nuestra polic\u00eda, con la entrega de dispositivos duales conectados a un Centro de Monitoreo, capacitaci\u00f3n sobre la Ley Micaela y otras herramientas.<\/p>\n\n\n\n<p>Seg\u00fan la Oficina de la Mujer de la Corte Suprema de la Naci\u00f3n, el norte es la zona del pa\u00eds con mayor tasa de femicidios, siendo especialmente grave la situaci\u00f3n en Santa Fe, Tucum\u00e1n, Santiago del Estero, Chaco y Misiones. En Corrientes tenemos una tasa de femicidios cada 100 mil mujeres de 0,69% y estamos entre las provincias con tasas m\u00e1s bajas del pa\u00eds.<\/p>\n\n\n\n<p>Quiere decir que el trabajo est\u00e1 dando frutos, pero nos indica que todav\u00eda tenemos mucho por hacer para erradicar este flagelo.<\/p>\n\n\n\n<p>Lo dijimos muchas veces: Ni Una Menos.&#8221;<\/p>\n","protected":false},"excerpt":{"rendered":"<p>Durante su discurso a la Asamblea Legislativa, el gobernador Gustavo Vald\u00e9s se refiri\u00f3 este mi\u00e9rcoles a la pol\u00edtica cultural del Gobierno provincial, destacando la Fiesta Nacional del Chamam\u00e9, Tarag\u00fc\u00ed Rock,&hellip; <\/p>\n","protected":false},"author":4,"featured_media":43926,"comment_status":"closed","ping_status":"open","sticky":false,"template":"","format":"standard","meta":{"footnotes":""},"categories":[23],"tags":[],"class_list":["post-43934","post","type-post","status-publish","format-standard","has-post-thumbnail","hentry","category-actualidad"],"_links":{"self":[{"href":"https:\/\/corrientesdetarde.com\/index.php\/wp-json\/wp\/v2\/posts\/43934","targetHints":{"allow":["GET"]}}],"collection":[{"href":"https:\/\/corrientesdetarde.com\/index.php\/wp-json\/wp\/v2\/posts"}],"about":[{"href":"https:\/\/corrientesdetarde.com\/index.php\/wp-json\/wp\/v2\/types\/post"}],"author":[{"embeddable":true,"href":"https:\/\/corrientesdetarde.com\/index.php\/wp-json\/wp\/v2\/users\/4"}],"replies":[{"embeddable":true,"href":"https:\/\/corrientesdetarde.com\/index.php\/wp-json\/wp\/v2\/comments?post=43934"}],"version-history":[{"count":1,"href":"https:\/\/corrientesdetarde.com\/index.php\/wp-json\/wp\/v2\/posts\/43934\/revisions"}],"predecessor-version":[{"id":43937,"href":"https:\/\/corrientesdetarde.com\/index.php\/wp-json\/wp\/v2\/posts\/43934\/revisions\/43937"}],"wp:featuredmedia":[{"embeddable":true,"href":"https:\/\/corrientesdetarde.com\/index.php\/wp-json\/wp\/v2\/media\/43926"}],"wp:attachment":[{"href":"https:\/\/corrientesdetarde.com\/index.php\/wp-json\/wp\/v2\/media?parent=43934"}],"wp:term":[{"taxonomy":"category","embeddable":true,"href":"https:\/\/corrientesdetarde.com\/index.php\/wp-json\/wp\/v2\/categories?post=43934"},{"taxonomy":"post_tag","embeddable":true,"href":"https:\/\/corrientesdetarde.com\/index.php\/wp-json\/wp\/v2\/tags?post=43934"}],"curies":[{"name":"wp","href":"https:\/\/api.w.org\/{rel}","templated":true}]}}