{"id":43941,"date":"2023-03-01T13:31:08","date_gmt":"2023-03-01T16:31:08","guid":{"rendered":"https:\/\/corrientesdetarde.com\/?p=43941"},"modified":"2023-03-01T13:31:11","modified_gmt":"2023-03-01T16:31:11","slug":"valdes-anuncio-aumento-al-salario-basico-docente-del-102-que-se-abonara-tres-tramos","status":"publish","type":"post","link":"https:\/\/corrientesdetarde.com\/index.php\/locales\/valdes-anuncio-aumento-al-salario-basico-docente-del-102-que-se-abonara-tres-tramos\/","title":{"rendered":"Vald\u00e9s anunci\u00f3 aumento al salario b\u00e1sico docente del 102%, que se abonar\u00e1 tres tramos"},"content":{"rendered":"\n<p>En otro tramo de su mensaje ante la Asamblea Legislativa, el gobernador Gustavo Vald\u00e9s anunci\u00f3 que la Provincia dispuso un aumento al salario b\u00e1sico del sector docente del 102% acumulado para este a\u00f1o, el que se abonar\u00e1 en tres tramos: marzo, julio y octubre.<\/p>\n\n\n\n<p>Asimismo, el mandatario resalt\u00f3 que dicho incremento \u201cjerarquiza la carrera docente y es extensivo al sector de jubilados y pensionados&#8221;.<\/p>\n\n\n\n<p>&nbsp;\u201cQue se aprovechen todos los d\u00edas de clases previsto, nos llena de satisfacci\u00f3n y orgullo como correntinos\u201d, manifest\u00f3 el gobernador, resaltando una vez m\u00e1s su compromiso con la educaci\u00f3n p\u00fablica y gratuita.&nbsp;<\/p>\n","protected":false},"excerpt":{"rendered":"<p>En otro tramo de su mensaje ante la Asamblea Legislativa, el gobernador Gustavo Vald\u00e9s anunci\u00f3 que la Provincia dispuso un aumento al salario b\u00e1sico del sector docente del 102% acumulado&hellip; <\/p>\n","protected":false},"author":8,"featured_media":43942,"comment_status":"closed","ping_status":"open","sticky":false,"template":"","format":"standard","meta":{"footnotes":""},"categories":[8],"tags":[],"class_list":["post-43941","post","type-post","status-publish","format-standard","has-post-thumbnail","hentry","category-locales"],"_links":{"self":[{"href":"https:\/\/corrientesdetarde.com\/index.php\/wp-json\/wp\/v2\/posts\/43941","targetHints":{"allow":["GET"]}}],"collection":[{"href":"https:\/\/corrientesdetarde.com\/index.php\/wp-json\/wp\/v2\/posts"}],"about":[{"href":"https:\/\/corrientesdetarde.com\/index.php\/wp-json\/wp\/v2\/types\/post"}],"author":[{"embeddable":true,"href":"https:\/\/corrientesdetarde.com\/index.php\/wp-json\/wp\/v2\/users\/8"}],"replies":[{"embeddable":true,"href":"https:\/\/corrientesdetarde.com\/index.php\/wp-json\/wp\/v2\/comments?post=43941"}],"version-history":[{"count":1,"href":"https:\/\/corrientesdetarde.com\/index.php\/wp-json\/wp\/v2\/posts\/43941\/revisions"}],"predecessor-version":[{"id":43943,"href":"https:\/\/corrientesdetarde.com\/index.php\/wp-json\/wp\/v2\/posts\/43941\/revisions\/43943"}],"wp:featuredmedia":[{"embeddable":true,"href":"https:\/\/corrientesdetarde.com\/index.php\/wp-json\/wp\/v2\/media\/43942"}],"wp:attachment":[{"href":"https:\/\/corrientesdetarde.com\/index.php\/wp-json\/wp\/v2\/media?parent=43941"}],"wp:term":[{"taxonomy":"category","embeddable":true,"href":"https:\/\/corrientesdetarde.com\/index.php\/wp-json\/wp\/v2\/categories?post=43941"},{"taxonomy":"post_tag","embeddable":true,"href":"https:\/\/corrientesdetarde.com\/index.php\/wp-json\/wp\/v2\/tags?post=43941"}],"curies":[{"name":"wp","href":"https:\/\/api.w.org\/{rel}","templated":true}]}}