{"id":44510,"date":"2023-03-03T11:35:38","date_gmt":"2023-03-03T14:35:38","guid":{"rendered":"https:\/\/corrientesdetarde.com\/?p=44510"},"modified":"2023-03-03T11:36:15","modified_gmt":"2023-03-03T14:36:15","slug":"conmocion-en-corrientes-el-fiscal-confirmo-que-la-docente-murio-hace-mas-de-cuatro-dias","status":"publish","type":"post","link":"https:\/\/corrientesdetarde.com\/index.php\/crimen-y-justicia\/conmocion-en-corrientes-el-fiscal-confirmo-que-la-docente-murio-hace-mas-de-cuatro-dias\/","title":{"rendered":"el Fiscal pudo confirmar que la docente muri\u00f3 hace m\u00e1s de cuatro d\u00edas"},"content":{"rendered":"\n<p>El Fiscal Adrian Casarubia habl\u00f3 sobre el caso de la mujer hallada muerta en su domicilio en la localidad de\u00a0 Mercedes.\u00a0 Esperan el resultado de la autopsia pero adelant\u00f3 que la muerte data de entre cuatro y cinco d\u00edas. No descarta ningua hip\u00f3tesis.\u00a0<\/p>\n\n\n\n<p>El Fiscal Casarrubia confirm\u00f3 que trabajan en varias hip\u00f3tesis para determinar las causas de la docente hallada muerta en su domicilio del barrio San Pedro en Mercedes. Hoy se conocer\u00e1 el resultado de la autopsia pero adelant\u00f3 que el deceso de habr\u00eda producido hace cuatro o cinco d\u00edas.<\/p>\n\n\n\n<p>Detall\u00f3 adem\u00e1s que la persona fallecida es una docente muy querida en la comunidad y se hab\u00eda mudado a ese barrio hace aproximadamente dos semanas.<\/p>\n\n\n\n<p>&#8220;Viv\u00eda sola y el aspecto de como encontramos el lugar lo vamos a &nbsp;reservar porque es parte de la hip\u00f3tesis de la investigaci\u00f3n&#8221; expres\u00f3 Casarrubia. &nbsp;<\/p>\n\n\n\n<p>Recalc\u00f3 adem\u00e1s que no descarta ninguna hip\u00f3tesis y confirm\u00f3 que la fallecida hab\u00eda realizado dos denuncias por delitos contra la propiedad.<\/p>\n","protected":false},"excerpt":{"rendered":"<p>El Fiscal Adrian Casarubia habl\u00f3 sobre el caso de la mujer hallada muerta en su domicilio en la localidad de\u00a0 Mercedes.\u00a0 Esperan el resultado de la autopsia pero adelant\u00f3 que&hellip; <\/p>\n","protected":false},"author":4,"featured_media":44511,"comment_status":"closed","ping_status":"open","sticky":false,"template":"","format":"standard","meta":{"footnotes":""},"categories":[5],"tags":[],"class_list":["post-44510","post","type-post","status-publish","format-standard","has-post-thumbnail","hentry","category-crimen-y-justicia"],"_links":{"self":[{"href":"https:\/\/corrientesdetarde.com\/index.php\/wp-json\/wp\/v2\/posts\/44510","targetHints":{"allow":["GET"]}}],"collection":[{"href":"https:\/\/corrientesdetarde.com\/index.php\/wp-json\/wp\/v2\/posts"}],"about":[{"href":"https:\/\/corrientesdetarde.com\/index.php\/wp-json\/wp\/v2\/types\/post"}],"author":[{"embeddable":true,"href":"https:\/\/corrientesdetarde.com\/index.php\/wp-json\/wp\/v2\/users\/4"}],"replies":[{"embeddable":true,"href":"https:\/\/corrientesdetarde.com\/index.php\/wp-json\/wp\/v2\/comments?post=44510"}],"version-history":[{"count":2,"href":"https:\/\/corrientesdetarde.com\/index.php\/wp-json\/wp\/v2\/posts\/44510\/revisions"}],"predecessor-version":[{"id":44514,"href":"https:\/\/corrientesdetarde.com\/index.php\/wp-json\/wp\/v2\/posts\/44510\/revisions\/44514"}],"wp:featuredmedia":[{"embeddable":true,"href":"https:\/\/corrientesdetarde.com\/index.php\/wp-json\/wp\/v2\/media\/44511"}],"wp:attachment":[{"href":"https:\/\/corrientesdetarde.com\/index.php\/wp-json\/wp\/v2\/media?parent=44510"}],"wp:term":[{"taxonomy":"category","embeddable":true,"href":"https:\/\/corrientesdetarde.com\/index.php\/wp-json\/wp\/v2\/categories?post=44510"},{"taxonomy":"post_tag","embeddable":true,"href":"https:\/\/corrientesdetarde.com\/index.php\/wp-json\/wp\/v2\/tags?post=44510"}],"curies":[{"name":"wp","href":"https:\/\/api.w.org\/{rel}","templated":true}]}}