{"id":44715,"date":"2023-03-04T01:09:00","date_gmt":"2023-03-04T04:09:00","guid":{"rendered":"https:\/\/corrientesdetarde.com\/?p=44715"},"modified":"2023-03-04T01:09:03","modified_gmt":"2023-03-04T04:09:03","slug":"inicio-su-recorrido-la-virgen-peregrina","status":"publish","type":"post","link":"https:\/\/corrientesdetarde.com\/index.php\/cultura\/inicio-su-recorrido-la-virgen-peregrina\/","title":{"rendered":"INICIO SU RECORRIDO LA VIRGEN PEREGRINA"},"content":{"rendered":"\n<p>En el patio central de la Jefatura de Polic\u00eda se celebr\u00f3 este viernes 3 de marzo, la primera misa mensual  del a\u00f1o 2023, que tuvo como particularidad que fue en acci\u00f3n de gracias por la XXVII\u00b0 Promoci\u00f3n de  Oficiales de la Polic\u00eda de Corrientes, quienes recordaron su ingreso a la instituci\u00f3n.<br>La ceremonia religiosa, presidida por el obispo auxiliar, monse\u00f1or Jos\u00e9 Adolfo Larregain, marc\u00f3 adem\u00e1s el inicio del recorrido de la virgen peregrina de Itat\u00ed hacia las distintas dependencias policiales de Corrientes, cuyo primer destino es la Comisar\u00eda distrito El Sombrero.<br>El ministro de Seguridad, Buenaventura Duarte; el subjefe de la Polic\u00eda, comisario general Jorge Andr\u00e9s;  directores de la plana mayor, jefes de comisar\u00edas; de Divisiones y Unidades Especiales; personal Superior y Subalterno de la Instituci\u00f3n en actividad y en situaci\u00f3n de retiro participaron de la celebraci\u00f3n de la  Eucarist\u00eda.<br>Se vivieron momentos emotivos con los oficiales que recordaban los 30 a\u00f1os de su ingreso a la Escuela  de Polic\u00eda, ocurrido un 1 de marzo de 1993, donde las mezclas de emociones se basaron en el sacrificio,  dedicaci\u00f3n y responsabilidad empleadas, en cada una de las misiones emprendidas que en la actualidad  se traducen como an\u00e9cdotas.<br>&#8220;No es solo el tiempo transcurrido, que imprime la huella en el camino, es el trabajo, la perseverancia y en  un alto grado, la abnegaci\u00f3n, valores otorgados a la Polic\u00eda de Corrientes, que perpetuaran como ejemplo de vida para las generaciones venideras&#8221;, destacaron los miembros de la XXVII\u00b0 Promoci\u00f3n.<\/p>\n\n\n\n\r\n\t<div class=\"msacwl-slider-wrap msacwl-row-clearfix \" data-conf=\"{&quot;autoplay&quot;:&quot;true&quot;,&quot;autoplay_speed&quot;:3000,&quot;speed&quot;:300,&quot;arrows&quot;:&quot;true&quot;,&quot;dots&quot;:&quot;true&quot;,&quot;lazyload&quot;:&quot;&quot;}\">\r\n\t\t<div id=\"msacwl-slider-1\" class=\"msacwl-slider msacwl-common-slider msacwl-slider-popup\">\r\n\t\t\t\t\t\t<div class=\"msacwl-slide\" data-item-index=\"1\" >\r\n\t\t\t\t<a class=\"msacwl-img-link\" href=\"javascript:void(0);\" data-mfp-src=\"https:\/\/corrientesdetarde.com\/wp-content\/uploads\/2023\/03\/MISA-F4.jpg\">\r\n\t\t\t\t\t<img decoding=\"async\" class=\"msacwl-img\" src=\"https:\/\/corrientesdetarde.com\/wp-content\/uploads\/2023\/03\/MISA-F4.jpg\"  data-title=\"\" alt=\"\" \/>\r\n\t\t\t\t<\/a>\r\n\t\t\t\t\t\t\t\t\t<div class=\"msacwl-gallery-caption\">\r\n\t\t\t\t\t\t\t\t\t\t\t\t\t<span class=\"image_title\"><\/span>\r\n\t\t\t\t\t\t\t\t\t\t\t\t\t<span><\/span>\r\n\t\t\t\t\t\t \t\t\t\t\t<\/div>\r\n\t\t\t\t\t\t\t<\/div>\r\n\t\t\t\t\t\t<div class=\"msacwl-slide\" data-item-index=\"2\" >\r\n\t\t\t\t<a class=\"msacwl-img-link\" href=\"javascript:void(0);\" data-mfp-src=\"https:\/\/corrientesdetarde.com\/wp-content\/uploads\/2023\/03\/MISA-F1.jpg\">\r\n\t\t\t\t\t<img decoding=\"async\" class=\"msacwl-img\" src=\"https:\/\/corrientesdetarde.com\/wp-content\/uploads\/2023\/03\/MISA-F1.jpg\"  data-title=\"\" alt=\"\" \/>\r\n\t\t\t\t<\/a>\r\n\t\t\t\t\t\t\t\t\t<div class=\"msacwl-gallery-caption\">\r\n\t\t\t\t\t\t\t\t\t\t\t\t\t<span class=\"image_title\"><\/span>\r\n\t\t\t\t\t\t\t\t\t\t\t\t\t<span><\/span>\r\n\t\t\t\t\t\t \t\t\t\t\t<\/div>\r\n\t\t\t\t\t\t\t<\/div>\r\n\t\t\t\t\t\t<div class=\"msacwl-slide\" data-item-index=\"3\" >\r\n\t\t\t\t<a class=\"msacwl-img-link\" href=\"javascript:void(0);\" data-mfp-src=\"https:\/\/corrientesdetarde.com\/wp-content\/uploads\/2023\/03\/MISA-F7.jpg\">\r\n\t\t\t\t\t<img decoding=\"async\" class=\"msacwl-img\" src=\"https:\/\/corrientesdetarde.com\/wp-content\/uploads\/2023\/03\/MISA-F7.jpg\"  data-title=\"\" alt=\"\" \/>\r\n\t\t\t\t<\/a>\r\n\t\t\t\t\t\t\t\t\t<div class=\"msacwl-gallery-caption\">\r\n\t\t\t\t\t\t\t\t\t\t\t\t\t<span class=\"image_title\"><\/span>\r\n\t\t\t\t\t\t\t\t\t\t\t\t\t<span><\/span>\r\n\t\t\t\t\t\t \t\t\t\t\t<\/div>\r\n\t\t\t\t\t\t\t<\/div>\r\n\t\t\t\t\t\t<div class=\"msacwl-slide\" data-item-index=\"4\" >\r\n\t\t\t\t<a class=\"msacwl-img-link\" href=\"javascript:void(0);\" data-mfp-src=\"https:\/\/corrientesdetarde.com\/wp-content\/uploads\/2023\/03\/MISA-F8.jpg\">\r\n\t\t\t\t\t<img decoding=\"async\" class=\"msacwl-img\" src=\"https:\/\/corrientesdetarde.com\/wp-content\/uploads\/2023\/03\/MISA-F8.jpg\"  data-title=\"\" alt=\"\" \/>\r\n\t\t\t\t<\/a>\r\n\t\t\t\t\t\t\t\t\t<div class=\"msacwl-gallery-caption\">\r\n\t\t\t\t\t\t\t\t\t\t\t\t\t<span class=\"image_title\"><\/span>\r\n\t\t\t\t\t\t\t\t\t\t\t\t\t<span><\/span>\r\n\t\t\t\t\t\t \t\t\t\t\t<\/div>\r\n\t\t\t\t\t\t\t<\/div>\r\n\t\t\t\t\t\t<div class=\"msacwl-slide\" data-item-index=\"5\" >\r\n\t\t\t\t<a class=\"msacwl-img-link\" href=\"javascript:void(0);\" data-mfp-src=\"https:\/\/corrientesdetarde.com\/wp-content\/uploads\/2023\/03\/MISA-F11.jpg\">\r\n\t\t\t\t\t<img decoding=\"async\" class=\"msacwl-img\" src=\"https:\/\/corrientesdetarde.com\/wp-content\/uploads\/2023\/03\/MISA-F11.jpg\"  data-title=\"\" alt=\"\" \/>\r\n\t\t\t\t<\/a>\r\n\t\t\t\t\t\t\t\t\t<div class=\"msacwl-gallery-caption\">\r\n\t\t\t\t\t\t\t\t\t\t\t\t\t<span class=\"image_title\"><\/span>\r\n\t\t\t\t\t\t\t\t\t\t\t\t\t<span><\/span>\r\n\t\t\t\t\t\t \t\t\t\t\t<\/div>\r\n\t\t\t\t\t\t\t<\/div>\r\n\t\t\t\t\t<\/div>\r\n\t<\/div>\r\n\r\n\t\n","protected":false},"excerpt":{"rendered":"<p>En el patio central de la Jefatura de Polic\u00eda se celebr\u00f3 este viernes 3 de marzo, la primera misa mensual del a\u00f1o 2023, que tuvo como particularidad que fue en&hellip; <\/p>\n","protected":false},"author":1,"featured_media":44717,"comment_status":"closed","ping_status":"open","sticky":false,"template":"","format":"standard","meta":{"footnotes":""},"categories":[15,17],"tags":[],"class_list":["post-44715","post","type-post","status-publish","format-standard","has-post-thumbnail","hentry","category-cultura","category-sociales"],"_links":{"self":[{"href":"https:\/\/corrientesdetarde.com\/index.php\/wp-json\/wp\/v2\/posts\/44715","targetHints":{"allow":["GET"]}}],"collection":[{"href":"https:\/\/corrientesdetarde.com\/index.php\/wp-json\/wp\/v2\/posts"}],"about":[{"href":"https:\/\/corrientesdetarde.com\/index.php\/wp-json\/wp\/v2\/types\/post"}],"author":[{"embeddable":true,"href":"https:\/\/corrientesdetarde.com\/index.php\/wp-json\/wp\/v2\/users\/1"}],"replies":[{"embeddable":true,"href":"https:\/\/corrientesdetarde.com\/index.php\/wp-json\/wp\/v2\/comments?post=44715"}],"version-history":[{"count":1,"href":"https:\/\/corrientesdetarde.com\/index.php\/wp-json\/wp\/v2\/posts\/44715\/revisions"}],"predecessor-version":[{"id":44722,"href":"https:\/\/corrientesdetarde.com\/index.php\/wp-json\/wp\/v2\/posts\/44715\/revisions\/44722"}],"wp:featuredmedia":[{"embeddable":true,"href":"https:\/\/corrientesdetarde.com\/index.php\/wp-json\/wp\/v2\/media\/44717"}],"wp:attachment":[{"href":"https:\/\/corrientesdetarde.com\/index.php\/wp-json\/wp\/v2\/media?parent=44715"}],"wp:term":[{"taxonomy":"category","embeddable":true,"href":"https:\/\/corrientesdetarde.com\/index.php\/wp-json\/wp\/v2\/categories?post=44715"},{"taxonomy":"post_tag","embeddable":true,"href":"https:\/\/corrientesdetarde.com\/index.php\/wp-json\/wp\/v2\/tags?post=44715"}],"curies":[{"name":"wp","href":"https:\/\/api.w.org\/{rel}","templated":true}]}}