{"id":44723,"date":"2023-03-04T08:00:29","date_gmt":"2023-03-04T11:00:29","guid":{"rendered":"https:\/\/corrientesdetarde.com\/?p=44723"},"modified":"2023-03-04T08:00:35","modified_gmt":"2023-03-04T11:00:35","slug":"lo-esencial-es-invisible-a-los-ojos","status":"publish","type":"post","link":"https:\/\/corrientesdetarde.com\/index.php\/cultura\/lo-esencial-es-invisible-a-los-ojos\/","title":{"rendered":"\u201cLo esencial es invisible a los ojos\u201d\u00a0"},"content":{"rendered":"\n<p>&nbsp;&nbsp;&nbsp;&nbsp;&nbsp;&nbsp;&nbsp;&nbsp;&nbsp;&nbsp;&nbsp;&nbsp;&nbsp;&nbsp;&nbsp;&nbsp;&nbsp;&nbsp;&nbsp;&nbsp;&nbsp;&nbsp;&nbsp;&nbsp;&nbsp;&nbsp;&nbsp;&nbsp;&nbsp;&nbsp;&nbsp;&nbsp;<\/p>\n\n\n<div class=\"wp-block-image\">\n<figure class=\"aligncenter size-full\"><img loading=\"lazy\" decoding=\"async\" width=\"300\" height=\"300\" src=\"https:\/\/corrientesdetarde.com\/wp-content\/uploads\/2023\/02\/fotor_2023-2-15_13_30_15.png\" alt=\"\" class=\"wp-image-40890\" srcset=\"https:\/\/corrientesdetarde.com\/wp-content\/uploads\/2023\/02\/fotor_2023-2-15_13_30_15.png 300w, https:\/\/corrientesdetarde.com\/wp-content\/uploads\/2023\/02\/fotor_2023-2-15_13_30_15-150x150.png 150w\" sizes=\"auto, (max-width: 300px) 100vw, 300px\" \/><figcaption><strong>Profesora. Maria Silvia Pozo, actriz y narradora<\/strong><\/figcaption><\/figure>\n<\/div>\n\n\n<p><em>\u201cLo esencial es invisible a los ojos\u201d&nbsp;<\/em><\/p>\n\n\n\n<p>&nbsp;&nbsp;&nbsp;&nbsp;&nbsp;&nbsp;&nbsp;&nbsp;&nbsp;&nbsp;&nbsp;&nbsp;&nbsp;&nbsp;&nbsp;&nbsp;&nbsp;&nbsp;&nbsp;&nbsp;&nbsp;&nbsp;&nbsp;&nbsp;&nbsp;&nbsp;&nbsp;&nbsp;&nbsp;&nbsp;&nbsp;&nbsp;&nbsp;del&nbsp; franc\u00e9s Antoine de Saint-Exup\u00e9ry.&nbsp;<\/p>\n\n\n\n<p><strong>Significa que el verdadero valor de las cosas no siempre es evidente<\/strong>. La frase aparece en&nbsp;El principito, narraci\u00f3n breve sobre la importancia del amor y la amistad.<\/p>\n\n\n\n<ul class=\"wp-block-list\"><li>Estoy super emocionada (ya encontrar\u00e9 la emoci\u00f3n que corresponde), por las actividades que tendr\u00e9 la semana que viene.<\/li><\/ul>\n\n\n\n<p class=\"has-text-align-center\"><em>Nuevos desaf\u00edos,<\/em> son constantes en mi vida (o sino me aburro) y este que tendr\u00e1 inicio el lunes a las 9 de la ma\u00f1ana es trascendental en varios sentidos, para mi vida profesional que es el ART\u00cdSTICO y para los pacientes del instituto para ciegos ya que se les abrir\u00e1 un mundo nuevo que es contar cuentos, pero no solo eso sino incursionar\u00e1n en el arte en estas circunstancias de sus vidas, ya que todos no nacieron ciegos, sino que en el transcurso de su vida fueron perdiendo la visi\u00f3n.<\/p>\n\n\n\n<p class=\"has-text-align-center\">Por primera vez en el instituto para ciegos Valent\u00edn Hauy de la ciudad de Corrientes se dar\u00e1 un taller de narraci\u00f3n oral, tan luego este lenguaje art\u00edstico en&nbsp; el que el c\u00f3digo es <em>compartir imaginarios.<\/em><\/p>\n\n\n\n<p class=\"has-text-align-center\">Hace unos meses fui con mis alumnos a contarles cuentos, luego hice una funci\u00f3n de&nbsp; mi obra de teatro #Hasta que me llames , que es un mon\u00f3logo, as\u00ed comenzamos a relacionarnos.<\/p>\n\n\n\n<p class=\"has-text-align-center\">La semana pr\u00f3xima tenemos dos grandes fechas que recordar, el 8 de marzo que es el d\u00eda de la mujer y el 9 de marzo que es el #d\u00edadelni\u00f1ocorrentino , esta \u00faltima es poco conocida todav\u00eda. Es una ley que fue sancionada en 2011<\/p>\n\n\n\n<p class=\"has-text-align-center\">En la biblioteca de la legislatura correntina haremos una charla sobre nuestro h\u00e9roe ni\u00f1o correntino Pedrito R\u00edos&nbsp; , el tamborcito de Tacuar\u00ed.<\/p>\n\n\n\n<figure class=\"wp-block-image size-large\"><img loading=\"lazy\" decoding=\"async\" width=\"1024\" height=\"287\" src=\"https:\/\/corrientesdetarde.com\/wp-content\/uploads\/2023\/02\/WhatsApp-Image-2023-02-18-at-09.41.43-1024x287.jpeg\" alt=\"\" class=\"wp-image-41547\" srcset=\"https:\/\/corrientesdetarde.com\/wp-content\/uploads\/2023\/02\/WhatsApp-Image-2023-02-18-at-09.41.43-1024x287.jpeg 1024w, https:\/\/corrientesdetarde.com\/wp-content\/uploads\/2023\/02\/WhatsApp-Image-2023-02-18-at-09.41.43-300x84.jpeg 300w, https:\/\/corrientesdetarde.com\/wp-content\/uploads\/2023\/02\/WhatsApp-Image-2023-02-18-at-09.41.43-768x215.jpeg 768w, https:\/\/corrientesdetarde.com\/wp-content\/uploads\/2023\/02\/WhatsApp-Image-2023-02-18-at-09.41.43.jpeg 1170w\" sizes=\"auto, (max-width: 1024px) 100vw, 1024px\" \/><\/figure>\n\n\n\n<p>Les paso info del fin de semana:<\/p>\n\n\n\n<p>\u00a1<strong><em>S\u00e1bado 4 de marzo!<\/em><\/strong><\/p>\n\n\n\n<p><img loading=\"lazy\" decoding=\"async\" width=\"71\" height=\"71\" src=\"https:\/\/lh6.googleusercontent.com\/4KvbL0FMkJK6L7fc0roLKtjAAH8jfx5WPFSEYQI-oG1sXiNcLwZcbdc6trXM-qj7xLSoxd0s2et4NEdiD6rzHIniFpzHCU1jLLR-xTQcAFA5B5VH-RJsbzfW7VE0tCHaVCHS52t3SmttyC3NN55BXA\" alt=\"Drama\">\u00a0 \u00a0 \u00a0<strong> <em>Las salas de los teatros<\/em>: @teatroflotante , @espacio_marinio\u00a0 y @teatrodelaciudadctes tiene promociones , el circuito comienza a las 18 hs con dos funciones para ni\u00f1os<\/strong><\/p>\n\n\n\n<p>\ud83d\udca5 <strong>Pod\u00e9s adquirir promociones y recorrer el circuito de funcione<\/strong>s<\/p>\n\n\n\n<p>\ud83c\udf1e <strong>Las tres funciones en las 3 salas a $1.200, o\u00a0 podes ver 2 funciones a $1000 o asistir a 1 funci\u00f3n por $800<\/strong><\/p>\n\n\n\n<p>\ud83d\udcab<strong> Te esperamos!!<\/strong><\/p>\n\n\n\n<p>&#8211;<em>Teatro Vera<\/em>:\u00a0 \u00a0a las 21:00 hs. en las escalinatas \u00a0 \u00a0 \u00a0 <img decoding=\"async\" style=\"width: 35px;\" src=\"https:\/\/lh6.googleusercontent.com\/JXNQTWL6fU2YWwszUgevFxD3dZhOZNr4HUS86qOR6M0ceZQ-epCLtCc4iOJgshVfMfkzNk-wyj1YDFxNNgbnykeODRTTRdNlhiiFMgHw6KD3zkl7QrmYKAl8V4wfTMQPYNbX64aL7fQmkXrf5skD4g\" alt=\"Notas musicales\"><\/p>\n\n\n\n<div class=\"wp-block-group is-content-justification-center is-nowrap is-layout-flex wp-container-core-group-is-layout-94bc23d7 wp-block-group-is-layout-flex\">\n<div class=\"wp-block-group is-content-justification-space-between is-nowrap is-layout-flex wp-container-core-group-is-layout-0dfbf163 wp-block-group-is-layout-flex\">\n<figure class=\"wp-block-image\"><img decoding=\"async\" src=\"https:\/\/lh6.googleusercontent.com\/1H3jQsHicACzpZ6mdb_K3DNr58jy3agORr9NGuTtNFXbJp6wlswypTu16sUTsmUNAB-c6rOoH9zozke0iNcBhQGrsigNTNAT8j6dnfslJudXT9ig-kjndNyaQd39fgbHAwoD-iiyNeuFljqSPr6bUg\" alt=\"\"\/><\/figure>\n\n\n\n<figure class=\"wp-block-image\"><img decoding=\"async\" src=\"https:\/\/lh4.googleusercontent.com\/Md11NhJCtW1rEyiMAy-nx3SAiLFQosiQo312SGHg8xvjmjf0A7j_CUTkdT5uhLFMcCeXVpS22S78NbOCXVo1gLjj3ffR90MzBF3ItdaQZPd57I4hE9mjxLHdXCUcc-645uJdamdtXPGMyQUWck2CCQ\" alt=\"\"\/><\/figure>\n<\/div>\n<\/div>\n\n\n\n<p>&#8211;<em>El Municipio<\/em> \u00a0 #municipiodecorrientes tiene mucha oferta de recreaci\u00f3n, metete en la p\u00e1gina-<\/p>\n\n\n\n<p>\u00a0Este es uno de los eventos #sunsetciudaddise\u00f1o \u2013 Cervezas artesanales a partir de las 19 :00 hs.\u00a0<\/p>\n\n\n<div class=\"wp-block-image\">\n<figure class=\"aligncenter size-full is-resized\"><img loading=\"lazy\" decoding=\"async\" src=\"https:\/\/corrientesdetarde.com\/wp-content\/uploads\/2023\/03\/images.png\" alt=\"\" class=\"wp-image-44725\" width=\"110\" height=\"110\" srcset=\"https:\/\/corrientesdetarde.com\/wp-content\/uploads\/2023\/03\/images.png 225w, https:\/\/corrientesdetarde.com\/wp-content\/uploads\/2023\/03\/images-150x150.png 150w\" sizes=\"auto, (max-width: 110px) 100vw, 110px\" \/><\/figure>\n<\/div>\n\n\n<p class=\"has-text-align-center\"><strong>&#8220;Me\u00a0 despido de ustedes sugiri\u00e9ndoles que lean un buen libro, bailen, cuenten cuentos (la semana pr\u00f3xima lo har\u00e9), escuchen m\u00fasica y an\u00edmense a ir a ver teatro&#8230;&#8221;<\/strong><\/p>\n","protected":false},"excerpt":{"rendered":"<p>&nbsp;&nbsp;&nbsp;&nbsp;&nbsp;&nbsp;&nbsp;&nbsp;&nbsp;&nbsp;&nbsp;&nbsp;&nbsp;&nbsp;&nbsp;&nbsp;&nbsp;&nbsp;&nbsp;&nbsp;&nbsp;&nbsp;&nbsp;&nbsp;&nbsp;&nbsp;&nbsp;&nbsp;&nbsp;&nbsp;&nbsp;&nbsp; \u201cLo esencial es invisible a los ojos\u201d&nbsp; &nbsp;&nbsp;&nbsp;&nbsp;&nbsp;&nbsp;&nbsp;&nbsp;&nbsp;&nbsp;&nbsp;&nbsp;&nbsp;&nbsp;&nbsp;&nbsp;&nbsp;&nbsp;&nbsp;&nbsp;&nbsp;&nbsp;&nbsp;&nbsp;&nbsp;&nbsp;&nbsp;&nbsp;&nbsp;&nbsp;&nbsp;&nbsp;&nbsp;del&nbsp; franc\u00e9s Antoine de Saint-Exup\u00e9ry.&nbsp; Significa que el verdadero valor de las cosas no siempre es evidente. La frase aparece en&nbsp;El principito,&hellip; <\/p>\n","protected":false},"author":1,"featured_media":44729,"comment_status":"closed","ping_status":"open","sticky":false,"template":"","format":"standard","meta":{"footnotes":""},"categories":[15,17],"tags":[],"class_list":["post-44723","post","type-post","status-publish","format-standard","has-post-thumbnail","hentry","category-cultura","category-sociales"],"_links":{"self":[{"href":"https:\/\/corrientesdetarde.com\/index.php\/wp-json\/wp\/v2\/posts\/44723","targetHints":{"allow":["GET"]}}],"collection":[{"href":"https:\/\/corrientesdetarde.com\/index.php\/wp-json\/wp\/v2\/posts"}],"about":[{"href":"https:\/\/corrientesdetarde.com\/index.php\/wp-json\/wp\/v2\/types\/post"}],"author":[{"embeddable":true,"href":"https:\/\/corrientesdetarde.com\/index.php\/wp-json\/wp\/v2\/users\/1"}],"replies":[{"embeddable":true,"href":"https:\/\/corrientesdetarde.com\/index.php\/wp-json\/wp\/v2\/comments?post=44723"}],"version-history":[{"count":3,"href":"https:\/\/corrientesdetarde.com\/index.php\/wp-json\/wp\/v2\/posts\/44723\/revisions"}],"predecessor-version":[{"id":44730,"href":"https:\/\/corrientesdetarde.com\/index.php\/wp-json\/wp\/v2\/posts\/44723\/revisions\/44730"}],"wp:featuredmedia":[{"embeddable":true,"href":"https:\/\/corrientesdetarde.com\/index.php\/wp-json\/wp\/v2\/media\/44729"}],"wp:attachment":[{"href":"https:\/\/corrientesdetarde.com\/index.php\/wp-json\/wp\/v2\/media?parent=44723"}],"wp:term":[{"taxonomy":"category","embeddable":true,"href":"https:\/\/corrientesdetarde.com\/index.php\/wp-json\/wp\/v2\/categories?post=44723"},{"taxonomy":"post_tag","embeddable":true,"href":"https:\/\/corrientesdetarde.com\/index.php\/wp-json\/wp\/v2\/tags?post=44723"}],"curies":[{"name":"wp","href":"https:\/\/api.w.org\/{rel}","templated":true}]}}