{"id":44731,"date":"2023-03-04T08:18:45","date_gmt":"2023-03-04T11:18:45","guid":{"rendered":"https:\/\/corrientesdetarde.com\/?p=44731"},"modified":"2023-03-04T08:18:48","modified_gmt":"2023-03-04T11:18:48","slug":"las-sensaciones-y-emocion-dechela-una-docente-historica","status":"publish","type":"post","link":"https:\/\/corrientesdetarde.com\/index.php\/informacion-general\/las-sensaciones-y-emocion-dechela-una-docente-historica\/","title":{"rendered":"Las sensaciones y emoci\u00f3n de&#8221;Chela&#8221;, una docente hist\u00f3rica"},"content":{"rendered":"\n<p>Tengo sensaciones juntas, fue algo tan grande, tan imponente. No pod\u00eda creer, me tocaba a ver si era yo&#8221;, manifest\u00f3 Elsa Elena &#8220;Chela&#8221; G\u00f3mez Morilla, docente, artista pl\u00e1stica due\u00f1a de una jovialidad a toda prueba que mantiene a sus 90 a\u00f1os.<\/p>\n\n\n\n<p>&nbsp;Tambi\u00e9n se emocion\u00f3 al recordar que algunas de las maestras del jard\u00edn fueron sus alumnas. &#8220;Recordar todav\u00eda a su profesora, eso es el regalo m\u00e1s grande que puede tener un docente&#8221;, agreg\u00f3, quien al llegar a la puerta del flamante colegio recibi\u00f3 el saludo de los peque\u00f1os: &#8220;Hola, Chela&#8221;.<\/p>\n\n\n\n<p>Ella es parte de la historia de las maestras jardineras y del profesorado de artes pl\u00e1sticas, adem\u00e1s de exponer sus cuadros desde muy temprano, cuando todav\u00eda estaba en la secundaria. El viernes 3 no fue la excepci\u00f3n, varios de sus cuadros adornaban las flamantes paredes del Jard\u00edn de Infantes N\u00famero 46 que lleva su nombre y que para inaugurar convoc\u00f3 al Gobernador, los integrantes de su gabinete, legisladores y dos ministros nacionales. Ese reconocimiento tambi\u00e9n lleg\u00f3 por el ciberespacio con innumerables saludos.<\/p>\n","protected":false},"excerpt":{"rendered":"<p>Tengo sensaciones juntas, fue algo tan grande, tan imponente. No pod\u00eda creer, me tocaba a ver si era yo&#8221;, manifest\u00f3 Elsa Elena &#8220;Chela&#8221; G\u00f3mez Morilla, docente, artista pl\u00e1stica due\u00f1a de&hellip; <\/p>\n","protected":false},"author":3,"featured_media":44732,"comment_status":"closed","ping_status":"open","sticky":false,"template":"","format":"standard","meta":{"footnotes":""},"categories":[1],"tags":[],"class_list":["post-44731","post","type-post","status-publish","format-standard","has-post-thumbnail","hentry","category-informacion-general"],"_links":{"self":[{"href":"https:\/\/corrientesdetarde.com\/index.php\/wp-json\/wp\/v2\/posts\/44731","targetHints":{"allow":["GET"]}}],"collection":[{"href":"https:\/\/corrientesdetarde.com\/index.php\/wp-json\/wp\/v2\/posts"}],"about":[{"href":"https:\/\/corrientesdetarde.com\/index.php\/wp-json\/wp\/v2\/types\/post"}],"author":[{"embeddable":true,"href":"https:\/\/corrientesdetarde.com\/index.php\/wp-json\/wp\/v2\/users\/3"}],"replies":[{"embeddable":true,"href":"https:\/\/corrientesdetarde.com\/index.php\/wp-json\/wp\/v2\/comments?post=44731"}],"version-history":[{"count":1,"href":"https:\/\/corrientesdetarde.com\/index.php\/wp-json\/wp\/v2\/posts\/44731\/revisions"}],"predecessor-version":[{"id":44733,"href":"https:\/\/corrientesdetarde.com\/index.php\/wp-json\/wp\/v2\/posts\/44731\/revisions\/44733"}],"wp:featuredmedia":[{"embeddable":true,"href":"https:\/\/corrientesdetarde.com\/index.php\/wp-json\/wp\/v2\/media\/44732"}],"wp:attachment":[{"href":"https:\/\/corrientesdetarde.com\/index.php\/wp-json\/wp\/v2\/media?parent=44731"}],"wp:term":[{"taxonomy":"category","embeddable":true,"href":"https:\/\/corrientesdetarde.com\/index.php\/wp-json\/wp\/v2\/categories?post=44731"},{"taxonomy":"post_tag","embeddable":true,"href":"https:\/\/corrientesdetarde.com\/index.php\/wp-json\/wp\/v2\/tags?post=44731"}],"curies":[{"name":"wp","href":"https:\/\/api.w.org\/{rel}","templated":true}]}}