{"id":44734,"date":"2023-03-04T08:20:13","date_gmt":"2023-03-04T11:20:13","guid":{"rendered":"https:\/\/corrientesdetarde.com\/?p=44734"},"modified":"2023-03-04T08:20:18","modified_gmt":"2023-03-04T11:20:18","slug":"ministros-destacaron-inversion-en-infraestructura-para-corrientes","status":"publish","type":"post","link":"https:\/\/corrientesdetarde.com\/index.php\/locales\/ministros-destacaron-inversion-en-infraestructura-para-corrientes\/","title":{"rendered":"Ministros destacaron inversi\u00f3n en infraestructura para Corrientes"},"content":{"rendered":"\n<p>Adem\u00e1s de participar de la inauguraci\u00f3n de obras, Gabriel Katopodis y Jaime Perczyk resaltaron la ejecuci\u00f3n de obras financiadas por el Gobierno nacional en la provincia. Cuantificaron esos aportes en m\u00e1s de $52.000 millones.<\/p>\n\n\n\n<p>Los ministros nacionales de Obras P\u00fablicas, Gabriel Katopodis, y de Educaci\u00f3n, Jaime Perczyk, aprovecharon todo contacto con micr\u00f3fonos para resaltar las inversiones que instrumenta el Gobierno federal en obras de infraestructura para Corrientes.<\/p>\n\n\n\n<figure class=\"wp-block-image\"><img decoding=\"async\" src=\"https:\/\/www.diarioepoca.com\/content\/bucket\/0\/1283900w762h783c.jpg.webp\" alt=\"\"\/><figcaption>JAIME PERCZYK RESALT\u00d3 OBRAS ESCOLARES.<\/figcaption><\/figure>\n\n\n\n<p>Katopodis resalt\u00f3 en los di\u00e1logos con periodistas e interlocutores que su cartera invierte $52.400 millones en casi 190 obras en la provincia.<\/p>\n\n\n\n<p>Detall\u00f3 lo siguiente: $36.077 millones en 31 obras viales; $11.095 millones en 64 obras h\u00eddricas; $5.212 millones en 94 obras de infraestructura urbana, rural y ambiental. Sumado el resto de los Ministerios Nacionales, la inversi\u00f3n en infraestructura de Naci\u00f3n en Corrientes ronda los $76.000 millones.<\/p>\n\n\n\n<h2 class=\"wp-block-heading\">Segundo puente y autov\u00eda<\/h2>\n\n\n\n<p>El Ministro de Obras P\u00fablicas anunci\u00f3 que &#8220;en marzo se adjudicar\u00e1 la obra de Circunvalaci\u00f3n de Corrientes y en junio iniciaremos ese trabajo, que es la primera etapa de lo que ser\u00e1 el segundo puente Corrientes-Chaco&#8221;.<\/p>\n\n\n\n<p>Confirm\u00f3 adem\u00e1s que &#8220;en 30 d\u00edas m\u00e1s se reiniciar\u00e1n las obras de la Autov\u00eda de Capital y en junio se licitar\u00e1n los trabajos para extender la autov\u00eda de la Ruta 14 desde Paso de los Libres hasta Misiones, lo que implica una obra de 310 kil\u00f3metros&#8221;.<\/p>\n\n\n\n<p>Respecto de esta obra indic\u00f3 que hab\u00eda errores en su planificaci\u00f3n, dise\u00f1o y ejecuci\u00f3n, ya que no previ\u00f3 los &#8220;necesarios trabajos de desag\u00fces y otros complementos h\u00eddricos; as\u00ed como las salidas y acceso a la traves\u00eda de los caminos que unen a las localidades y barrios aleda\u00f1os a la obra principal.<\/p>\n\n\n\n<p>Tambi\u00e9n destac\u00f3 que eso &#8220;oblig\u00f3 a reformular los contratos, ampliar el presupuesto y su necesidad de financiamiento, as\u00ed como de firmar adendas con la empresa adjudicataria&#8221;.<\/p>\n\n\n\n<p>Katopodis ratific\u00f3 la licitaci\u00f3n de las obras de ensanchamiento y mejora para la Ruta Nacional 12, desde Capital hasta Saladas con banquinas pavimentadas, puentes y once terceras trochas en rectas para sobrepaso.<\/p>\n\n\n\n<p>Explic\u00f3 que &#8220;en todos los municipios de la provincia hay obras nacionales, en el caso de la ciudad de Corrientes la plata de l\u00edquidos cloacales y la refacci\u00f3n de la costanera son algunos ejemplos&#8221;.<\/p>\n\n\n\n<p>Adem\u00e1s record\u00f3 que &#8220;el trabajo m\u00e1s importante para Argentina es el segundo puente entre Corrientes y Chaco que tiene dos etapas. Por un lado, toda la obra vial necesaria que ya est\u00e1 licitada y con adjudicatario, que comenzar\u00e1 en junio. Por el otro, la construcci\u00f3n del puente sobre el r\u00edo Paran\u00e1, que estamos terminando de preparar los pliegos para hacer la licitaci\u00f3n p\u00fablica internacional. Una obra que tiene una inversi\u00f3n de m\u00e1s de 700 millones de d\u00f3lares&#8221;.<\/p>\n\n\n\n<h2 class=\"wp-block-heading\">Escuelas<\/h2>\n\n\n\n<p>El ministro de Educaci\u00f3n de la Naci\u00f3n, Jaime Perczyk, enumer\u00f3 el avance de gesti\u00f3n para comenzar a construir las 26 nuevas escuelas, jardines, colegios que por $3.200 millones que se licitaron recientemente para Corrientes.<\/p>\n\n\n\n<p>Anunci\u00f3 la continuidad de las obras para la Escuela T\u00e9cnica Construcciones Portuarias y V\u00edas Navegables de Capital con una inversi\u00f3n de $609 millones. &#8220;La obra se va a terminar en 2023&#8221;, explic\u00f3 y dijo que el Ministerio de Educaci\u00f3n se sumar\u00e1 a la mesa de gesti\u00f3n de obras junto a los intendentes y legisladores locales, para atender pedidos de obras de infraestructura educativa y de programas de inclusi\u00f3n socioeducativas para los municipios correntinos.<\/p>\n","protected":false},"excerpt":{"rendered":"<p>Adem\u00e1s de participar de la inauguraci\u00f3n de obras, Gabriel Katopodis y Jaime Perczyk resaltaron la ejecuci\u00f3n de obras financiadas por el Gobierno nacional en la provincia. Cuantificaron esos aportes en&hellip; <\/p>\n","protected":false},"author":3,"featured_media":44735,"comment_status":"closed","ping_status":"open","sticky":false,"template":"","format":"standard","meta":{"footnotes":""},"categories":[8],"tags":[],"class_list":["post-44734","post","type-post","status-publish","format-standard","has-post-thumbnail","hentry","category-locales"],"_links":{"self":[{"href":"https:\/\/corrientesdetarde.com\/index.php\/wp-json\/wp\/v2\/posts\/44734","targetHints":{"allow":["GET"]}}],"collection":[{"href":"https:\/\/corrientesdetarde.com\/index.php\/wp-json\/wp\/v2\/posts"}],"about":[{"href":"https:\/\/corrientesdetarde.com\/index.php\/wp-json\/wp\/v2\/types\/post"}],"author":[{"embeddable":true,"href":"https:\/\/corrientesdetarde.com\/index.php\/wp-json\/wp\/v2\/users\/3"}],"replies":[{"embeddable":true,"href":"https:\/\/corrientesdetarde.com\/index.php\/wp-json\/wp\/v2\/comments?post=44734"}],"version-history":[{"count":1,"href":"https:\/\/corrientesdetarde.com\/index.php\/wp-json\/wp\/v2\/posts\/44734\/revisions"}],"predecessor-version":[{"id":44736,"href":"https:\/\/corrientesdetarde.com\/index.php\/wp-json\/wp\/v2\/posts\/44734\/revisions\/44736"}],"wp:featuredmedia":[{"embeddable":true,"href":"https:\/\/corrientesdetarde.com\/index.php\/wp-json\/wp\/v2\/media\/44735"}],"wp:attachment":[{"href":"https:\/\/corrientesdetarde.com\/index.php\/wp-json\/wp\/v2\/media?parent=44734"}],"wp:term":[{"taxonomy":"category","embeddable":true,"href":"https:\/\/corrientesdetarde.com\/index.php\/wp-json\/wp\/v2\/categories?post=44734"},{"taxonomy":"post_tag","embeddable":true,"href":"https:\/\/corrientesdetarde.com\/index.php\/wp-json\/wp\/v2\/tags?post=44734"}],"curies":[{"name":"wp","href":"https:\/\/api.w.org\/{rel}","templated":true}]}}