{"id":44743,"date":"2023-03-04T08:24:42","date_gmt":"2023-03-04T11:24:42","guid":{"rendered":"https:\/\/corrientesdetarde.com\/?p=44743"},"modified":"2023-03-04T08:24:45","modified_gmt":"2023-03-04T11:24:45","slug":"remises-algunas-agencias-ya-aplicaron-alza-del-20-en-la-minima","status":"publish","type":"post","link":"https:\/\/corrientesdetarde.com\/index.php\/informacion-general\/remises-algunas-agencias-ya-aplicaron-alza-del-20-en-la-minima\/","title":{"rendered":"Remises: algunas agencias ya aplicaron alza del 20% en la m\u00ednima"},"content":{"rendered":"\n<p>Las siete empresas que cuentan con mayor cantidad de unidades &#8220;actualizaron&#8221; su m\u00ednima de 250 a 300 pesos. A partir del segundo kil\u00f3metro, la suba es del 16%. Las dem\u00e1s flotas se ir\u00e1n sumando en d\u00edas venideros.<\/p>\n\n\n\n<p>4 de Marzo, 2023<\/p>\n\n\n\n<figure class=\"wp-block-image\"><img decoding=\"async\" src=\"https:\/\/www.diarioepoca.com\/content\/bucket\/4\/1283914w850h459c.jpg.webp\" alt=\"\"\/><figcaption>HOY HAY 1.600 REMISES EN LA CIUDAD. EN MARZO DE 2020 HAB\u00cdA 3.100 GIRANDO POR AVENIDAS Y CALLES.<\/figcaption><\/figure>\n\n\n\n<p><a target=\"_blank\" rel=\"noreferrer noopener\" href=\"https:\/\/api.whatsapp.com\/send?text=Remises:%20algunas%20agencias%20ya%20aplicaron%20alza%20del%2020%%20en%20la%20m%C3%ADnima%20-%20https:\/\/www.diarioepoca.com\/1277153-remises-algunas-agencias-ya-aplicaron-alza-del-20-en-la-minima?utm_source=WhatsApp%26utm_medium=WhatsApp%26utm_campaign=WhatsApp%26utm_term=WhatsApp\"><\/a><a href=\"https:\/\/www.diarioepoca.com\/1277153-remises-algunas-agencias-ya-aplicaron-alza-del-20-en-la-minima#\"><\/a><a href=\"https:\/\/www.diarioepoca.com\/1277153-remises-algunas-agencias-ya-aplicaron-alza-del-20-en-la-minima#\"><\/a><\/p>\n\n\n\n<p>La Asociaci\u00f3n de Remises de Corrientes implement\u00f3, desde ayer, un nuevo incremento en su cuadro tarifario. La m\u00ednima que estaba 250 pesos pas\u00f3 a 300 pesos ($50=20%) y desde el segundo kil\u00f3metro del recorrido se cumpliment\u00f3 una actualizaci\u00f3n que oscila el 16%.<\/p>\n\n\n\n<p>El titular de ese n\u00facleo de transporte liviano, Juan Castillo, en di\u00e1logo con \u00e9poca sostuvo: &#8220;Esta variaci\u00f3n la consensuamos con todos los trabajadores y agencias, tanto es as\u00ed que las primeras en implementarlo fueron las siete agencias m\u00e1s grandes (de un total de 23). Las dem\u00e1s ir\u00e1n efectiviz\u00e1ndola en el transcurso de los pr\u00f3ximos d\u00edas&#8221;.<\/p>\n\n\n\n<p>El vocero sintetiz\u00f3 que el aumento se debe a la constante alza en los insumos (primordialmente la nafta, la cual este mes subir\u00e1 un 3,8% m\u00e1s de acuerdo a un convenio entre petroleras y Naci\u00f3n) y en el costo de vida en general.<\/p>\n\n\n\n<p>La \u00faltima variaci\u00f3n en la tabla de ese servicio se efectiviz\u00f3 el 12 de diciembre (pas\u00f3 de 230 a 250 pesos) y desde ese entonces ya se aplicaron dos incrementos en las naftas que promediaron entre un 10% y 12%.<\/p>\n\n\n\n<h2 class=\"wp-block-heading\">\u00bfCompetencia desleal?<\/h2>\n\n\n\n<p>En la ciudad de Corrientes hay 1.600 coches habilitados para prestar servicio de rem\u00eds. Antes del inicio de la pandemia, hace ya casi tres a\u00f1os, el parque automotor era de 3.100 unidades.<\/p>\n\n\n\n<p>&#8220;Tenemos la esperanza de tener un buen a\u00f1o, aunque hay mucha competencia desleal en nuestro rubro&#8221;, desliz\u00f3 Castillo, y en esa l\u00ednea acot\u00f3: &#8220;Antes eran los remises \u2018truchos\u2019, hoy son los coches que trabajan para plataformas y ni siquiera est\u00e1n registrados en la Municipalidad a pesar de lo contenido en una normativa que fue aprobada hace poco. Ojal\u00e1 las \u00e1reas de contralor hagan cumplir esa ordenanza&#8221;.<\/p>\n\n\n\n<h2 class=\"wp-block-heading\">&nbsp;Taxistas miran las pizarras y esperan<\/h2>\n\n\n\n<figure class=\"wp-block-image\"><img decoding=\"async\" src=\"https:\/\/www.diarioepoca.com\/content\/bucket\/8\/1283958w762h600c.jpg.webp\" alt=\"\"\/><\/figure>\n\n\n\n<p>Desde la Uni\u00f3n de Taxis de Corrientes (UTC), su referente Roberto Andr\u00e9s L\u00f3pez dijo a \u00e9poca que ese sector del transporte liviano de Capital esperar\u00e1 el alza prevista en los combustibles para este mes (ser\u00eda del 3,8%, seg\u00fan lo acordado por petroleras y Naci\u00f3n) para modificar sus tarifas.<\/p>\n\n\n\n<p>&#8220;Nuestra bajada de bandera seguir\u00e1 en 250 pesos hasta tanto no se mueva el valor de la nafta Infinia de YPF, la que por normativa vigente marca el l\u00edmite de precios en este rubro&#8221;, aclar\u00f3 el taxista. De acuerdo a ciertos rumores barajados a nivel nacional, las pizarras de las estaciones tendr\u00e1n novedades la semana que viene.<\/p>\n\n\n\n<p>De igual forma, L\u00f3pez apreci\u00f3: &#8220;Veremos en cu\u00e1nto queda el importe de ese producto y en raz\u00f3n de eso avanzaremos con la actualizaci\u00f3n en nuestra m\u00ednima y (desde el segundo kil\u00f3metro) en el valor por cuadra recorrida&#8221;. El parque automotor actual de la UTC totaliza las 210 unidades.<\/p>\n","protected":false},"excerpt":{"rendered":"<p>Las siete empresas que cuentan con mayor cantidad de unidades &#8220;actualizaron&#8221; su m\u00ednima de 250 a 300 pesos. A partir del segundo kil\u00f3metro, la suba es del 16%. Las dem\u00e1s&hellip; <\/p>\n","protected":false},"author":3,"featured_media":44744,"comment_status":"closed","ping_status":"open","sticky":false,"template":"","format":"standard","meta":{"footnotes":""},"categories":[1],"tags":[],"class_list":["post-44743","post","type-post","status-publish","format-standard","has-post-thumbnail","hentry","category-informacion-general"],"_links":{"self":[{"href":"https:\/\/corrientesdetarde.com\/index.php\/wp-json\/wp\/v2\/posts\/44743","targetHints":{"allow":["GET"]}}],"collection":[{"href":"https:\/\/corrientesdetarde.com\/index.php\/wp-json\/wp\/v2\/posts"}],"about":[{"href":"https:\/\/corrientesdetarde.com\/index.php\/wp-json\/wp\/v2\/types\/post"}],"author":[{"embeddable":true,"href":"https:\/\/corrientesdetarde.com\/index.php\/wp-json\/wp\/v2\/users\/3"}],"replies":[{"embeddable":true,"href":"https:\/\/corrientesdetarde.com\/index.php\/wp-json\/wp\/v2\/comments?post=44743"}],"version-history":[{"count":1,"href":"https:\/\/corrientesdetarde.com\/index.php\/wp-json\/wp\/v2\/posts\/44743\/revisions"}],"predecessor-version":[{"id":44745,"href":"https:\/\/corrientesdetarde.com\/index.php\/wp-json\/wp\/v2\/posts\/44743\/revisions\/44745"}],"wp:featuredmedia":[{"embeddable":true,"href":"https:\/\/corrientesdetarde.com\/index.php\/wp-json\/wp\/v2\/media\/44744"}],"wp:attachment":[{"href":"https:\/\/corrientesdetarde.com\/index.php\/wp-json\/wp\/v2\/media?parent=44743"}],"wp:term":[{"taxonomy":"category","embeddable":true,"href":"https:\/\/corrientesdetarde.com\/index.php\/wp-json\/wp\/v2\/categories?post=44743"},{"taxonomy":"post_tag","embeddable":true,"href":"https:\/\/corrientesdetarde.com\/index.php\/wp-json\/wp\/v2\/tags?post=44743"}],"curies":[{"name":"wp","href":"https:\/\/api.w.org\/{rel}","templated":true}]}}