{"id":44800,"date":"2023-03-04T11:13:51","date_gmt":"2023-03-04T14:13:51","guid":{"rendered":"https:\/\/corrientesdetarde.com\/?p=44800"},"modified":"2023-03-04T11:13:52","modified_gmt":"2023-03-04T14:13:52","slug":"el-banco-central-pronostico-una-inflacion-superior-al-6-para-febrero-y-999-en-el-ano","status":"publish","type":"post","link":"https:\/\/corrientesdetarde.com\/index.php\/economia\/el-banco-central-pronostico-una-inflacion-superior-al-6-para-febrero-y-999-en-el-ano\/","title":{"rendered":"El Banco Central pronostic\u00f3 una inflaci\u00f3n superior al 6% para febrero y 99,9% en el a\u00f1o"},"content":{"rendered":"\n<figure class=\"wp-block-image\"><img decoding=\"async\" src=\"https:\/\/pxc.cdn.ellitoral.com.ar\/litoral\/032023\/1677896596480.webp?cw=770&amp;ch=440&amp;extw=jpg\" alt=\"El Banco Central pronostic\u00f3 una inflaci\u00f3n superior al 6% para febrero y 99,9% en el a\u00f1o\"\/><\/figure>\n\n\n\n<p>Los referentes del mercado empeoraron sus pron\u00f3sticos de inflaci\u00f3n tanto para el mes de febrero, arriba del 6%, como para todo 2023, ya rozando el 100%, de acuerdo al relevamiento de Expectativas de Mercado (REM) del mes de febrero, que difundi\u00f3 este viernes el Banco Central.<\/p>\n\n\n\n<p>En el segundo relevamiento del a\u00f1o, los analistas estimaron una inflaci\u00f3n mensual de 6,1% para febrero y una inflaci\u00f3n para todo el a\u00f1o de 99,9% interanual, es decir, 2,3 puntos porcentuales (p.p.) por arriba del pron\u00f3stico de la encuesta previa.Quienes mejor pronosticaron esa variable en el corto plazo (TOP-10) esperan una inflaci\u00f3n del 6,2% para febrero, y de 102,9% i.a. para 2023 (7,6 p.p. mayor a la encuesta de enero).<\/p>\n\n\n\n<p>A su vez, las y los participantes del REM revisaron las previsiones para los siguientes per\u00edodos, ubicando la inflaci\u00f3n en 81,7% i.a. para 2024 (2,1 p.p. mayor al REM previo) y en 53,8% i.a. (+3,5 p.p.) para el a\u00f1o 2025.<\/p>\n\n\n\n<p><strong>D\u00f3lar<\/strong><\/p>\n\n\n\n<p>El Banco Central cerr\u00f3 la rueda de ayer con un saldo positivo de USD 1 mill\u00f3n y en la semana adquiri\u00f3 USD 18 millones, con lo que de las \u00faltimas cinco ruedas logr\u00f3 terminar con resultado favorable en cuatro. As\u00ed, en el transcurso de la semana, el lunes la autoridad monetaria sum\u00f3 USD 33 millones, el martes adquiri\u00f3 20 millones de d\u00f3lares, el mi\u00e9rcoles perdi\u00f3 40 millones de d\u00f3lares y el jueves compr\u00f3 USD 4 millones. El d\u00f3lar oficial ayer cerr\u00f3 a $205,72 y el blue cay\u00f3 dos pesos, a $375.<\/p>\n","protected":false},"excerpt":{"rendered":"<p>Los referentes del mercado empeoraron sus pron\u00f3sticos de inflaci\u00f3n tanto para el mes de febrero, arriba del 6%, como para todo 2023, ya rozando el 100%, de acuerdo al relevamiento&hellip; <\/p>\n","protected":false},"author":3,"featured_media":44801,"comment_status":"closed","ping_status":"open","sticky":false,"template":"","format":"standard","meta":{"footnotes":""},"categories":[20],"tags":[],"class_list":["post-44800","post","type-post","status-publish","format-standard","has-post-thumbnail","hentry","category-economia"],"_links":{"self":[{"href":"https:\/\/corrientesdetarde.com\/index.php\/wp-json\/wp\/v2\/posts\/44800","targetHints":{"allow":["GET"]}}],"collection":[{"href":"https:\/\/corrientesdetarde.com\/index.php\/wp-json\/wp\/v2\/posts"}],"about":[{"href":"https:\/\/corrientesdetarde.com\/index.php\/wp-json\/wp\/v2\/types\/post"}],"author":[{"embeddable":true,"href":"https:\/\/corrientesdetarde.com\/index.php\/wp-json\/wp\/v2\/users\/3"}],"replies":[{"embeddable":true,"href":"https:\/\/corrientesdetarde.com\/index.php\/wp-json\/wp\/v2\/comments?post=44800"}],"version-history":[{"count":1,"href":"https:\/\/corrientesdetarde.com\/index.php\/wp-json\/wp\/v2\/posts\/44800\/revisions"}],"predecessor-version":[{"id":44802,"href":"https:\/\/corrientesdetarde.com\/index.php\/wp-json\/wp\/v2\/posts\/44800\/revisions\/44802"}],"wp:featuredmedia":[{"embeddable":true,"href":"https:\/\/corrientesdetarde.com\/index.php\/wp-json\/wp\/v2\/media\/44801"}],"wp:attachment":[{"href":"https:\/\/corrientesdetarde.com\/index.php\/wp-json\/wp\/v2\/media?parent=44800"}],"wp:term":[{"taxonomy":"category","embeddable":true,"href":"https:\/\/corrientesdetarde.com\/index.php\/wp-json\/wp\/v2\/categories?post=44800"},{"taxonomy":"post_tag","embeddable":true,"href":"https:\/\/corrientesdetarde.com\/index.php\/wp-json\/wp\/v2\/tags?post=44800"}],"curies":[{"name":"wp","href":"https:\/\/api.w.org\/{rel}","templated":true}]}}