{"id":44814,"date":"2023-03-04T17:19:18","date_gmt":"2023-03-04T20:19:18","guid":{"rendered":"https:\/\/corrientesdetarde.com\/?p=44814"},"modified":"2023-03-04T17:20:10","modified_gmt":"2023-03-04T20:20:10","slug":"las-ferias-de-la-ciudad-volveran-a-recorrer-los-barrios-con-las-mejores-ofertas-para-los-vecinos","status":"publish","type":"post","link":"https:\/\/corrientesdetarde.com\/index.php\/informacion-general\/las-ferias-de-la-ciudad-volveran-a-recorrer-los-barrios-con-las-mejores-ofertas-para-los-vecinos\/","title":{"rendered":"Las Ferias de la Ciudad volver\u00e1n a recorrer los barrios con las mejores ofertas para los vecinos\u00a0"},"content":{"rendered":"\n<p><em>Entre el martes 7 y el domingo 12 de marzo, las Ferias de la Ciudad repetir\u00e1n su habitual recorrida por los barrios de Corrientes llevando el \u00e9xito constante de calidad y mejores precios. Los viernes, se suman nuevos puestos de ventas en la ciudad.<\/em><\/p>\n\n\n\n<p>La Municipalidad de Corrientes, a trav\u00e9s de la Subsecretar\u00eda de Econom\u00eda Social, dependiente de la Secretar\u00eda de Desarrollo Econ\u00f3mico lleva adelante como todas las semanas las ferias de la ciudad a los barrios. La iniciativa propone un recorrido itinerante por parques, plazas y paseos presentando sus convenientes e inigualables ofertas con propuestas de combos saludables de verduras y frutas a precios accesibles.&nbsp;<br><br>Durante la semana del martes 7 y hasta el domingo 12 de marzo, las Ferias de la Ciudad volver\u00e1n a tener su recorrido por las plazas Libertad, Torrent, La Cruz y Vera, las plazoletas Los Amigos, Los Inmigrantes, Rep\u00fablica del Per\u00fa, &nbsp;Evita, el parque Mitre y el Paseo Arazaty. &nbsp;En tanto que, el viernes 10 se suman los barrios Laguna Seca y San Ger\u00f3nimo.&nbsp;<br><br>El martes 7 las Ferias de la Ciudad estar\u00e1n en las plazas Libertad (San Mart\u00edn y Per\u00fa) y Los Amigos (Poncho Verde y Brasil) del barrio Libertad.&nbsp;<br><br>El mi\u00e9rcoles 8 estar\u00e1n en la plaza Evita del Barrio Ber\u00f3n de Astrada (Av Sarmiento y Maip\u00fa) y en la plaza Torrent del barrio Centro (San Lorenzo y Bol\u00edvar). El jueves, repetir\u00e1 locaci\u00f3n, en esta \u00faltima plaza, en el horario habitual de 8 a 13.<br><br>El viernes 10, los feriantes se instalar\u00e1n en cinco espacios p\u00fablicos en simult\u00e1neo: Plaza Vera (Pasaje Agust\u00edn Gonz\u00e1lez), Plaza Rep\u00fablica del Per\u00fa (Patagonia y La Paz) del barrio Mil Viviendas, plazoleta de Los Inmigrantes del barrio Ber\u00f3n de Astrada (Ac Correa Fern\u00e1ndez y Av Sarmiento), Pit\u00e1goras y Sussini del barrio Laguna Seca, y en la plaza de La Tradici\u00f3n (parque El Eucaliptal) del barrio San Ger\u00f3nimo.&nbsp;<br><br>Ya el s\u00e1bado 11, repitiendo la modalidad de cada fin de semana, la Feria estar\u00e1 en el Parque Mitre (Pilu G\u00f3mez y Jos\u00e9 Rol\u00f3n) de 8 a 13., y el domingo 12 los feriantes de plantas, artesan\u00edas y gastronom\u00eda se ubicar\u00e1n en el Paseo Arazaty, de 10 a 22.<\/p>\n\n\n\n<figure class=\"wp-block-image size-full\"><img loading=\"lazy\" decoding=\"async\" width=\"957\" height=\"960\" src=\"https:\/\/corrientesdetarde.com\/wp-content\/uploads\/2023\/03\/image-168.png\" alt=\"\" class=\"wp-image-44817\" srcset=\"https:\/\/corrientesdetarde.com\/wp-content\/uploads\/2023\/03\/image-168.png 957w, https:\/\/corrientesdetarde.com\/wp-content\/uploads\/2023\/03\/image-168-300x300.png 300w, https:\/\/corrientesdetarde.com\/wp-content\/uploads\/2023\/03\/image-168-150x150.png 150w, https:\/\/corrientesdetarde.com\/wp-content\/uploads\/2023\/03\/image-168-768x770.png 768w, https:\/\/corrientesdetarde.com\/wp-content\/uploads\/2023\/03\/image-168-375x375.png 375w\" sizes=\"auto, (max-width: 957px) 100vw, 957px\" \/><\/figure>\n","protected":false},"excerpt":{"rendered":"<p>Entre el martes 7 y el domingo 12 de marzo, las Ferias de la Ciudad repetir\u00e1n su habitual recorrida por los barrios de Corrientes llevando el \u00e9xito constante de calidad&hellip; <\/p>\n","protected":false},"author":1,"featured_media":44815,"comment_status":"closed","ping_status":"open","sticky":false,"template":"","format":"standard","meta":{"footnotes":""},"categories":[1],"tags":[],"class_list":["post-44814","post","type-post","status-publish","format-standard","has-post-thumbnail","hentry","category-informacion-general"],"_links":{"self":[{"href":"https:\/\/corrientesdetarde.com\/index.php\/wp-json\/wp\/v2\/posts\/44814","targetHints":{"allow":["GET"]}}],"collection":[{"href":"https:\/\/corrientesdetarde.com\/index.php\/wp-json\/wp\/v2\/posts"}],"about":[{"href":"https:\/\/corrientesdetarde.com\/index.php\/wp-json\/wp\/v2\/types\/post"}],"author":[{"embeddable":true,"href":"https:\/\/corrientesdetarde.com\/index.php\/wp-json\/wp\/v2\/users\/1"}],"replies":[{"embeddable":true,"href":"https:\/\/corrientesdetarde.com\/index.php\/wp-json\/wp\/v2\/comments?post=44814"}],"version-history":[{"count":2,"href":"https:\/\/corrientesdetarde.com\/index.php\/wp-json\/wp\/v2\/posts\/44814\/revisions"}],"predecessor-version":[{"id":44818,"href":"https:\/\/corrientesdetarde.com\/index.php\/wp-json\/wp\/v2\/posts\/44814\/revisions\/44818"}],"wp:featuredmedia":[{"embeddable":true,"href":"https:\/\/corrientesdetarde.com\/index.php\/wp-json\/wp\/v2\/media\/44815"}],"wp:attachment":[{"href":"https:\/\/corrientesdetarde.com\/index.php\/wp-json\/wp\/v2\/media?parent=44814"}],"wp:term":[{"taxonomy":"category","embeddable":true,"href":"https:\/\/corrientesdetarde.com\/index.php\/wp-json\/wp\/v2\/categories?post=44814"},{"taxonomy":"post_tag","embeddable":true,"href":"https:\/\/corrientesdetarde.com\/index.php\/wp-json\/wp\/v2\/tags?post=44814"}],"curies":[{"name":"wp","href":"https:\/\/api.w.org\/{rel}","templated":true}]}}