{"id":44829,"date":"2023-03-05T08:21:39","date_gmt":"2023-03-05T11:21:39","guid":{"rendered":"https:\/\/corrientesdetarde.com\/?p=44829"},"modified":"2023-03-05T08:21:42","modified_gmt":"2023-03-05T11:21:42","slug":"fue-allanado-un-supuesto-bunker-de-robo-de-motocicletas","status":"publish","type":"post","link":"https:\/\/corrientesdetarde.com\/index.php\/crimen-y-justicia\/fue-allanado-un-supuesto-bunker-de-robo-de-motocicletas\/","title":{"rendered":"Fue allanado un supuesto bunker de robo de motocicletas"},"content":{"rendered":"\n<p>La Polic\u00eda allan\u00f3 una finca y encontr\u00f3 motocicletas y moto partes &#8220;de dudosa procedencia&#8221;. Sospechan que el lugar era un bunker o desarmadero de motos robadas.<\/p>\n\n\n\n<p>Efectivos policiales realizaron un efectivo trabajo de investigaci\u00f3n que permiti\u00f3 secuestrar en una finca varias motocicletas, moto partes, y una bicicleta de dudosas procedencias en la noche del viernes.<\/p>\n\n\n\n<p>El procedimiento, lo efectuaron los mencionados efectivos cerca de las 23 en avenida Centenario, en inmediaciones de Ruta Provincial N\u00b0 99 de Corrientes. Se realiz\u00f3 el secuestro preventivo de moto-partes, dos motocicletas de 110cc, una bicicleta y una hidro-lavadora, todas de dudosa procedencia.<\/p>\n\n\n\n<p>Por tal motivo, los elementos secuestrados fueron trasladados hasta la Direcci\u00f3n de Seguridad Metropolitana a fin de continuar con las diligencias del caso.<\/p>\n","protected":false},"excerpt":{"rendered":"<p>La Polic\u00eda allan\u00f3 una finca y encontr\u00f3 motocicletas y moto partes &#8220;de dudosa procedencia&#8221;. Sospechan que el lugar era un bunker o desarmadero de motos robadas. Efectivos policiales realizaron un&hellip; <\/p>\n","protected":false},"author":4,"featured_media":44835,"comment_status":"closed","ping_status":"open","sticky":false,"template":"","format":"standard","meta":{"footnotes":""},"categories":[5],"tags":[],"class_list":["post-44829","post","type-post","status-publish","format-standard","has-post-thumbnail","hentry","category-crimen-y-justicia"],"_links":{"self":[{"href":"https:\/\/corrientesdetarde.com\/index.php\/wp-json\/wp\/v2\/posts\/44829","targetHints":{"allow":["GET"]}}],"collection":[{"href":"https:\/\/corrientesdetarde.com\/index.php\/wp-json\/wp\/v2\/posts"}],"about":[{"href":"https:\/\/corrientesdetarde.com\/index.php\/wp-json\/wp\/v2\/types\/post"}],"author":[{"embeddable":true,"href":"https:\/\/corrientesdetarde.com\/index.php\/wp-json\/wp\/v2\/users\/4"}],"replies":[{"embeddable":true,"href":"https:\/\/corrientesdetarde.com\/index.php\/wp-json\/wp\/v2\/comments?post=44829"}],"version-history":[{"count":1,"href":"https:\/\/corrientesdetarde.com\/index.php\/wp-json\/wp\/v2\/posts\/44829\/revisions"}],"predecessor-version":[{"id":44836,"href":"https:\/\/corrientesdetarde.com\/index.php\/wp-json\/wp\/v2\/posts\/44829\/revisions\/44836"}],"wp:featuredmedia":[{"embeddable":true,"href":"https:\/\/corrientesdetarde.com\/index.php\/wp-json\/wp\/v2\/media\/44835"}],"wp:attachment":[{"href":"https:\/\/corrientesdetarde.com\/index.php\/wp-json\/wp\/v2\/media?parent=44829"}],"wp:term":[{"taxonomy":"category","embeddable":true,"href":"https:\/\/corrientesdetarde.com\/index.php\/wp-json\/wp\/v2\/categories?post=44829"},{"taxonomy":"post_tag","embeddable":true,"href":"https:\/\/corrientesdetarde.com\/index.php\/wp-json\/wp\/v2\/tags?post=44829"}],"curies":[{"name":"wp","href":"https:\/\/api.w.org\/{rel}","templated":true}]}}