{"id":44847,"date":"2023-03-05T08:56:45","date_gmt":"2023-03-05T11:56:45","guid":{"rendered":"https:\/\/corrientesdetarde.com\/?p=44847"},"modified":"2023-03-05T09:03:43","modified_gmt":"2023-03-05T12:03:43","slug":"saladas-hallan-muerto-a-un-adolescente-que-era-buscado","status":"publish","type":"post","link":"https:\/\/corrientesdetarde.com\/index.php\/policiales\/saladas-hallan-muerto-a-un-adolescente-que-era-buscado\/","title":{"rendered":"Saladas: hallaron muerto a un adolescente que era buscado"},"content":{"rendered":"\n<p>Sus familiares hab\u00edan denunciado su desaparici\u00f3n el s\u00e1bado 25 de febrero.&nbsp;<\/p>\n\n\n\n<p>Un macabro hallazgo gener\u00f3 estupor en Saladas, ya que en el acceso a la localidad se encontr\u00f3 un cuerpo.&nbsp;<\/p>\n\n\n\n<p>Al respecto, Fabio Moreira, periodista de Urbana FM se\u00f1al\u00f3 que el hecho &#8220;ocurri\u00f3 en horas del mediod\u00eda del viernes en cercan\u00edas a la Escuela T\u00e9cnica en una zona donde hay un terreno bald\u00edo&#8221;.<\/p>\n\n\n\n<figure class=\"wp-block-image\"><img decoding=\"async\" src=\"https:\/\/www.lt7noticias.com\/content\/bucket\/6\/43046w770h1538c.jpg.webp\" alt=\"\"\/><\/figure>\n\n\n\n<p>&#8220;All\u00ed se encontr\u00f3 un cuerpo y despu\u00e9s se supo que se trat\u00f3 de Jonathan Ezequiel Rojas de 19 a\u00f1os que se hab\u00eda ausentado de su domicilio desde el s\u00e1bado pasado, sus padres hab\u00edan denunciado su desaparici\u00f3n ante la Comisar\u00eda Segunda donde est\u00e1 el barrio Estaci\u00f3n&#8221;, lugar en el que vive la familia.<\/p>\n\n\n\n<figure class=\"wp-block-image\"><img decoding=\"async\" src=\"https:\/\/www.lt7noticias.com\/content\/bucket\/9\/43049w770h1129c.jpg.webp\" alt=\"\"\/><\/figure>\n\n\n\n<p>&#8220;El reconocimiento de los familiares fue in situ&#8221; y ahora esperan el resultado de la autopsia para conocer la causa de la muerte.<\/p>\n\n\n\n<p>Respecto a los motivos, Moreira dijo que el joven fallecido hab\u00eda estado detenido en varias oportunidades y en su historial ten\u00eda antecedentes de robo y problemas de adicciones, agreg\u00f3.<\/p>\n\n\n\n<p>&#8220;La ruta que hoy traza el fiscal Osvaldo Ojeda es un posible homicidio&#8221;, dijo y remarc\u00f3 algunos detalles respecto a las visibles lesiones que ten\u00eda en el cuerpo compatibles con fuertes quemaduras.<\/p>\n\n\n\n<p>&#8220;Los vecinos de la zona manifestaron que desde hace d\u00edas sent\u00edan un olor nauseabundo en la zona, hay conmoci\u00f3n en la localidad&#8221;, explic\u00f3.<\/p>\n","protected":false},"excerpt":{"rendered":"<p>Sus familiares hab\u00edan denunciado su desaparici\u00f3n el s\u00e1bado 25 de febrero.&nbsp; Un macabro hallazgo gener\u00f3 estupor en Saladas, ya que en el acceso a la localidad se encontr\u00f3 un cuerpo.&nbsp;&hellip; <\/p>\n","protected":false},"author":4,"featured_media":44848,"comment_status":"closed","ping_status":"open","sticky":false,"template":"","format":"standard","meta":{"footnotes":""},"categories":[33],"tags":[],"class_list":["post-44847","post","type-post","status-publish","format-standard","has-post-thumbnail","hentry","category-policiales"],"_links":{"self":[{"href":"https:\/\/corrientesdetarde.com\/index.php\/wp-json\/wp\/v2\/posts\/44847","targetHints":{"allow":["GET"]}}],"collection":[{"href":"https:\/\/corrientesdetarde.com\/index.php\/wp-json\/wp\/v2\/posts"}],"about":[{"href":"https:\/\/corrientesdetarde.com\/index.php\/wp-json\/wp\/v2\/types\/post"}],"author":[{"embeddable":true,"href":"https:\/\/corrientesdetarde.com\/index.php\/wp-json\/wp\/v2\/users\/4"}],"replies":[{"embeddable":true,"href":"https:\/\/corrientesdetarde.com\/index.php\/wp-json\/wp\/v2\/comments?post=44847"}],"version-history":[{"count":2,"href":"https:\/\/corrientesdetarde.com\/index.php\/wp-json\/wp\/v2\/posts\/44847\/revisions"}],"predecessor-version":[{"id":44850,"href":"https:\/\/corrientesdetarde.com\/index.php\/wp-json\/wp\/v2\/posts\/44847\/revisions\/44850"}],"wp:featuredmedia":[{"embeddable":true,"href":"https:\/\/corrientesdetarde.com\/index.php\/wp-json\/wp\/v2\/media\/44848"}],"wp:attachment":[{"href":"https:\/\/corrientesdetarde.com\/index.php\/wp-json\/wp\/v2\/media?parent=44847"}],"wp:term":[{"taxonomy":"category","embeddable":true,"href":"https:\/\/corrientesdetarde.com\/index.php\/wp-json\/wp\/v2\/categories?post=44847"},{"taxonomy":"post_tag","embeddable":true,"href":"https:\/\/corrientesdetarde.com\/index.php\/wp-json\/wp\/v2\/tags?post=44847"}],"curies":[{"name":"wp","href":"https:\/\/api.w.org\/{rel}","templated":true}]}}