{"id":44898,"date":"2023-03-05T11:40:22","date_gmt":"2023-03-05T14:40:22","guid":{"rendered":"https:\/\/corrientesdetarde.com\/?p=44898"},"modified":"2023-03-05T11:40:26","modified_gmt":"2023-03-05T14:40:26","slug":"se-desarrollara-en-corrientes-el-taller-internacional-para-museos","status":"publish","type":"post","link":"https:\/\/corrientesdetarde.com\/index.php\/cultura\/se-desarrollara-en-corrientes-el-taller-internacional-para-museos\/","title":{"rendered":"Se desarrollar\u00e1 en Corrientes el Taller Internacional para MuseoS"},"content":{"rendered":"\n<p>Con el apoyo del Gobierno de Corrientes a trav\u00e9s del Instituto del Instituto de Cultura, se llevar\u00e1 a cabo el Taller Internacional para Museos del 6 al 17 de marzo en Corrientes. El proyecto para la realizaci\u00f3n del \u201cTaller Re Org CONO SUR, para la salvaguarda y difusi\u00f3n de colecciones en dep\u00f3sito\u201d fue presentado por ICOM Argentina al programa Solidarity Project del Consejo Internacional de Museos (ICOM Par\u00eds). Cuenta con el acompa\u00f1amiento de ICOM Paraguay e ICOM Uruguay.<\/p>\n\n\n\n<p>En la oportunidad, el taller contar\u00e1 con la participaci\u00f3n de dos importantes referentes mundiales de la conservaci\u00f3n preventiva: G\u00e4el de Guichen, Asesor Especial del Directorio General de ICCROM (Roma, Italia) y Benoit de Tapol, del Museu Nacional d&#8217;Art de Catalunya (Barcelona, Espa\u00f1a), as\u00ed como la participaci\u00f3n de profesionales de la regi\u00f3n Norte Grande de Argentina, Bolivia, Paraguay y Uruguay.<\/p>\n\n\n\n<p>Su realizaci\u00f3n es posible gracias al apoyo del Gobierno de Corrientes a trav\u00e9s del Instituto de Cultura, que co-financia\/ auspicia el proyecto y ha sido declarado de Inter\u00e9s Cultural por Res. N\u00b00849\/2022 y la etapa presencial tendr\u00e1 lugar en el MPBA JRV, del 6 al 17 de marzo.<\/p>\n\n\n\n<figure class=\"wp-block-image size-large\"><img loading=\"lazy\" decoding=\"async\" width=\"1024\" height=\"632\" src=\"https:\/\/corrientesdetarde.com\/wp-content\/uploads\/2023\/03\/Captura-de-pantalla-2023-03-05-113813-1024x632.png\" alt=\"\" class=\"wp-image-44900\" srcset=\"https:\/\/corrientesdetarde.com\/wp-content\/uploads\/2023\/03\/Captura-de-pantalla-2023-03-05-113813-1024x632.png 1024w, https:\/\/corrientesdetarde.com\/wp-content\/uploads\/2023\/03\/Captura-de-pantalla-2023-03-05-113813-300x185.png 300w, https:\/\/corrientesdetarde.com\/wp-content\/uploads\/2023\/03\/Captura-de-pantalla-2023-03-05-113813-768x474.png 768w, https:\/\/corrientesdetarde.com\/wp-content\/uploads\/2023\/03\/Captura-de-pantalla-2023-03-05-113813.png 1231w\" sizes=\"auto, (max-width: 1024px) 100vw, 1024px\" \/><\/figure>\n\n\n\n<p>Tambi\u00e9n, algunas tareas se realizar\u00e1n en el Museo de Ciencias Naturales \u201cDr. Amado Bonpland\u201d de Corrientes Capital y all\u00ed, los participantes recibir\u00e1n instrucci\u00f3n y pondr\u00e1n en pr\u00e1ctica la metodolog\u00eda reorganizando un sector del dep\u00f3sito.<\/p>\n\n\n\n<p>El proyecto se desarrolla en tres etapas: dos virtuales y una presencial y aclarando que las actividades previas ya han comenzado.&nbsp;Los tutores de las etapas virtuales han colaborado en el desarrollo de la Metodolog\u00eda Re-Org y han tenido experiencia en su aplicaci\u00f3n, de Argentina son tutores la Conserv. Susana Meden, Conserv. Gabriela Baldom\u00e1 y Arq. Pilar Salas; y Mgter. Mario Omar Fern\u00e1ndez Reguera y Mgter. David Cohen Daza del Laboratorio de Estudios de Artes y Patrimonio &#8211; LEAP de la Facultad de Artes de la Universidad de los Andes. Colombia.<\/p>\n\n\n\n<p><strong>La Metodolog\u00eda RE-ORG<\/strong><\/p>\n\n\n\n<p>Desarrollada inicialmente por ICCROM y UNESCO entre 2088 y 2011, RE-ORG fue revisada y reformulada con la colaboraci\u00f3n del Instituto Canadiense de Conservaci\u00f3n (CCI) y por el Centro Internacional de Estudios para la Conservaci\u00f3n y Restauraci\u00f3n de los Bienes Culturales (ICCROM)<\/p>\n\n\n\n<p>La metodolog\u00eda se ha aplicado en m\u00e1s de 83 museos de 27 pa\u00edses de los 5 continentes. Disponible en:&nbsp;<a href=\"https:\/\/www.iccrom.org\/es\/section\/conservacion-preventiva\/re-org\" target=\"_blank\" rel=\"noreferrer noopener\">https:\/\/www.iccrom.org\/es\/section\/conservacion-preventiva\/re-org<\/a><\/p>\n\n\n\n<p><strong>Re-Org Cono Sur<\/strong><\/p>\n\n\n\n<p>Objetivo: reorganizar los dep\u00f3sitos de los museos municipales, provinciales y nacionales,<\/p>\n\n\n\n<p>&nbsp;&#8211;&nbsp;capacitaci\u00f3n de recursos humanos en la tem\u00e1tica. Muse\u00f3logos y conservadores formados en estos talleres podr\u00e1n trasladar lo aprendido a sus instituciones y a otras que lo requieran.<\/p>\n\n\n\n<p>&#8211; estrechar lazos de colaboraci\u00f3n y crear una red entre instituciones de la regi\u00f3n.<\/p>\n\n\n\n<p>Para llevar adelante el proyecto, se han seleccionado 2 trabajadores de 10 museos, para que resulte m\u00e1s f\u00e1cil implementar los cambios en sus instituciones.<\/p>\n\n\n\n<p>Los museos seleccionados (aparte de los museos anfitriones) son:<\/p>\n\n\n\n<p>Argentina:<\/p>\n\n\n\n<p>Museo Arqueol\u00f3gico \u201cAd\u00e1n Quiroga\u201d. Provincia de Catamarca.<\/p>\n\n\n\n<p>Museo Hist\u00f3rico Geogr\u00e1fico y Natural. Provincia de Corrientes.<\/p>\n\n\n\n<p>Museo Instituto \u201cMagnasco\u201d, Provincia de Entre R\u00edos.<\/p>\n\n\n\n<p>Museo Regional de pintura \u201cJos\u00e9 Antonio Terry\u201d. Provincia de Jujuy.<\/p>\n\n\n\n<p>Museo Regional \u201cAn\u00edbal Cambas\u201d. Provincia de Misiones.<\/p>\n\n\n\n<p>Museo Comunal de Peyrano. Provincia de Santa Fe.<\/p>\n\n\n\n<p>Museo de la Ciudad de Rosario \u201cW. Mikielievich&#8221;. Provincia de Santa Fe.<\/p>\n\n\n\n<p>Bolivia:<\/p>\n\n\n\n<p>Museo Nacional de Historia Natural. Ciudad de La Paz.<\/p>\n\n\n\n<p>Paraguay:<\/p>\n\n\n\n<p>Museo Ferroviario de la Estaci\u00f3n Central. Asunci\u00f3n.<\/p>\n\n\n\n<p>Uruguay:<\/p>\n\n\n\n<p>Museo Hist\u00f3rico Nacional de Uruguay. Montevideo.<\/p>\n\n\n\n<p>Durante dos semanas intensivas, se realizar\u00e1n conferencias magistrales y trabajos de taller en Corrientes, Argentina para evaluar necesidades y requerimientos. Se planificar\u00e1n e implementar\u00e1n tareas de reorganizaci\u00f3n de un dep\u00f3sito del museo anfitri\u00f3n.<\/p>\n\n\n\n<p>Los grupos de trabajo presentar\u00e1n sus casos y propuestas de reorganizaci\u00f3n de sus instituciones y de actividades que permitan nuevas relaciones museo\u2013comunidad a realizar a partir de la reorganizaci\u00f3n.<\/p>\n\n\n\n<p>Las conferencias magistrales ser\u00e1n abiertas al p\u00fablico, tanto presencial como virtual a trav\u00e9s de la grabaci\u00f3n y\/o transmisi\u00f3n en vivo.<\/p>\n\n\n\n<p><strong>ICOM<\/strong><\/p>\n\n\n\n<p>El Consejo Internacional de Museos \u2013ICOM-, creado en 1946, es la \u00fanica organizaci\u00f3n de profesionales de museos con alcance mundial dedicado a la promoci\u00f3n y protecci\u00f3n del patrimonio cultural y natural, material e inmaterial. Cuenta con aproximadamente 45.000 miembros, en 138 pa\u00edses. Es una red de profesionales de museos que act\u00faan en una amplia variedad de disciplinas relacionadas con el patrimonio y los museos a trav\u00e9s de sus Comit\u00e9s Nacionales. Su sede central se encuentra en Paris.<\/p>\n\n\n\n<p>El Comit\u00e9 Argentino del Consejo Internacional de Museos \u2013 ICOM Argentina- es una asociaci\u00f3n civil, con personer\u00eda jur\u00eddica cuyos principales objetivos son: contribuir a divulgar la ciencia museol\u00f3gica para difundir, apoyar y ayudar a los museos y a las instituciones museol\u00f3gicas con el fin de defender y reforzar esta profesi\u00f3n; organizar la cooperaci\u00f3n y la ayuda mutua entre los museos y los miembros de la profesi\u00f3n museol\u00f3gica en los diferentes pa\u00edses.<\/p>\n\n\n\n<p><strong>ICCROM<\/strong><\/p>\n\n\n\n<p>El Centro Internacional de Estudios para la Conservaci\u00f3n y la Restauraci\u00f3n de los Bienes Culturales es una organizaci\u00f3n intergubernamental fundada en 1956, con sede central en Roma, Italia. Est\u00e1 dedicada a la preservaci\u00f3n del patrimonio cultural en todo el mundo a trav\u00e9s de programas de formaci\u00f3n, informaci\u00f3n, investigaci\u00f3n, cooperaci\u00f3n y sensibilizaci\u00f3n p\u00fablica. Tiene como objetivo el mejoramiento del \u00e1rea de la conservaci\u00f3n y la sensibilizaci\u00f3n p\u00fablica con respecto a la importancia y la fragilidad del patrimonio cultural.<\/p>\n","protected":false},"excerpt":{"rendered":"<p>Con el apoyo del Gobierno de Corrientes a trav\u00e9s del Instituto del Instituto de Cultura, se llevar\u00e1 a cabo el Taller Internacional para Museos del 6 al 17 de marzo&hellip; <\/p>\n","protected":false},"author":4,"featured_media":44899,"comment_status":"closed","ping_status":"open","sticky":false,"template":"","format":"standard","meta":{"footnotes":""},"categories":[15],"tags":[],"class_list":["post-44898","post","type-post","status-publish","format-standard","has-post-thumbnail","hentry","category-cultura"],"_links":{"self":[{"href":"https:\/\/corrientesdetarde.com\/index.php\/wp-json\/wp\/v2\/posts\/44898","targetHints":{"allow":["GET"]}}],"collection":[{"href":"https:\/\/corrientesdetarde.com\/index.php\/wp-json\/wp\/v2\/posts"}],"about":[{"href":"https:\/\/corrientesdetarde.com\/index.php\/wp-json\/wp\/v2\/types\/post"}],"author":[{"embeddable":true,"href":"https:\/\/corrientesdetarde.com\/index.php\/wp-json\/wp\/v2\/users\/4"}],"replies":[{"embeddable":true,"href":"https:\/\/corrientesdetarde.com\/index.php\/wp-json\/wp\/v2\/comments?post=44898"}],"version-history":[{"count":1,"href":"https:\/\/corrientesdetarde.com\/index.php\/wp-json\/wp\/v2\/posts\/44898\/revisions"}],"predecessor-version":[{"id":44901,"href":"https:\/\/corrientesdetarde.com\/index.php\/wp-json\/wp\/v2\/posts\/44898\/revisions\/44901"}],"wp:featuredmedia":[{"embeddable":true,"href":"https:\/\/corrientesdetarde.com\/index.php\/wp-json\/wp\/v2\/media\/44899"}],"wp:attachment":[{"href":"https:\/\/corrientesdetarde.com\/index.php\/wp-json\/wp\/v2\/media?parent=44898"}],"wp:term":[{"taxonomy":"category","embeddable":true,"href":"https:\/\/corrientesdetarde.com\/index.php\/wp-json\/wp\/v2\/categories?post=44898"},{"taxonomy":"post_tag","embeddable":true,"href":"https:\/\/corrientesdetarde.com\/index.php\/wp-json\/wp\/v2\/tags?post=44898"}],"curies":[{"name":"wp","href":"https:\/\/api.w.org\/{rel}","templated":true}]}}