{"id":45738,"date":"2023-03-08T10:19:20","date_gmt":"2023-03-08T13:19:20","guid":{"rendered":"https:\/\/corrientesdetarde.com\/?p=45738"},"modified":"2023-03-08T10:19:24","modified_gmt":"2023-03-08T13:19:24","slug":"cazadores-mataron-a-un-ciervo-de-los-pantanos-una-especie-protegida","status":"publish","type":"post","link":"https:\/\/corrientesdetarde.com\/index.php\/crimen-y-justicia\/cazadores-mataron-a-un-ciervo-de-los-pantanos-una-especie-protegida\/","title":{"rendered":"cazadores mataron a un ciervo de los pantanos, una especie protegida"},"content":{"rendered":"\n<p>Polic\u00edas de la comisar\u00eda de General Paz y de la Polic\u00eda Rural e Islas y Ambiente Rural detuvieron a tres hombres en un campo de ruta provincial 5, kil\u00f3metro 138.<\/p>\n\n\n\n<p>El procedimiento ocurri\u00f3 ayer a la tarde cuando sorprendieron al grupo de personas oriundas de la localidad de San Miguel.&nbsp;Sobre un pastizal las autoridades hallaron al ejemplar de ciervo, faenado, sin cabeza y de unos 100 kilos.<\/p>\n\n\n\n<figure class=\"wp-block-image\"><img decoding=\"async\" src=\"https:\/\/www.diarioepoca.com\/content\/bucket\/2\/1284852w380h171c.jpg.webp\" alt=\"\"\/><\/figure>\n\n\n\n<figure class=\"wp-block-image\"><img decoding=\"async\" src=\"https:\/\/www.diarioepoca.com\/content\/bucket\/4\/1284854w380h507c.jpg.webp\" alt=\"\"\/><\/figure>\n\n\n\n<p>Los cazadores furtivos ten\u00edan cuchillos y una chuza.<\/p>\n\n\n\n<p>La Polic\u00eda dio inicio a una causa por infracci\u00f3n a la Ley 22.421.<\/p>\n","protected":false},"excerpt":{"rendered":"<p>Polic\u00edas de la comisar\u00eda de General Paz y de la Polic\u00eda Rural e Islas y Ambiente Rural detuvieron a tres hombres en un campo de ruta provincial 5, kil\u00f3metro 138.&hellip; <\/p>\n","protected":false},"author":4,"featured_media":45739,"comment_status":"closed","ping_status":"open","sticky":false,"template":"","format":"standard","meta":{"footnotes":""},"categories":[5],"tags":[],"class_list":["post-45738","post","type-post","status-publish","format-standard","has-post-thumbnail","hentry","category-crimen-y-justicia"],"_links":{"self":[{"href":"https:\/\/corrientesdetarde.com\/index.php\/wp-json\/wp\/v2\/posts\/45738","targetHints":{"allow":["GET"]}}],"collection":[{"href":"https:\/\/corrientesdetarde.com\/index.php\/wp-json\/wp\/v2\/posts"}],"about":[{"href":"https:\/\/corrientesdetarde.com\/index.php\/wp-json\/wp\/v2\/types\/post"}],"author":[{"embeddable":true,"href":"https:\/\/corrientesdetarde.com\/index.php\/wp-json\/wp\/v2\/users\/4"}],"replies":[{"embeddable":true,"href":"https:\/\/corrientesdetarde.com\/index.php\/wp-json\/wp\/v2\/comments?post=45738"}],"version-history":[{"count":1,"href":"https:\/\/corrientesdetarde.com\/index.php\/wp-json\/wp\/v2\/posts\/45738\/revisions"}],"predecessor-version":[{"id":45740,"href":"https:\/\/corrientesdetarde.com\/index.php\/wp-json\/wp\/v2\/posts\/45738\/revisions\/45740"}],"wp:featuredmedia":[{"embeddable":true,"href":"https:\/\/corrientesdetarde.com\/index.php\/wp-json\/wp\/v2\/media\/45739"}],"wp:attachment":[{"href":"https:\/\/corrientesdetarde.com\/index.php\/wp-json\/wp\/v2\/media?parent=45738"}],"wp:term":[{"taxonomy":"category","embeddable":true,"href":"https:\/\/corrientesdetarde.com\/index.php\/wp-json\/wp\/v2\/categories?post=45738"},{"taxonomy":"post_tag","embeddable":true,"href":"https:\/\/corrientesdetarde.com\/index.php\/wp-json\/wp\/v2\/tags?post=45738"}],"curies":[{"name":"wp","href":"https:\/\/api.w.org\/{rel}","templated":true}]}}