{"id":45929,"date":"2023-03-09T09:02:46","date_gmt":"2023-03-09T12:02:46","guid":{"rendered":"https:\/\/corrientesdetarde.com\/?p=45929"},"modified":"2023-03-09T09:04:27","modified_gmt":"2023-03-09T12:04:27","slug":"por-que-se-celebra-hoy-el-dia-del-nino-correntino","status":"publish","type":"post","link":"https:\/\/corrientesdetarde.com\/index.php\/locales\/por-que-se-celebra-hoy-el-dia-del-nino-correntino\/","title":{"rendered":"\u00bfPor qu\u00e9 se celebra hoy el \u201cD\u00eda del Ni\u00f1o Correntino?"},"content":{"rendered":"\n<p>A trav\u00e9s de la Ley N\u00b0 5.988, sancionada en 2011, en el marco de los 200 a\u00f1os de la batalla de Tacuar\u00ed, se instituy\u00f3 el 9 de Marzo como D\u00eda del Ni\u00f1o Correntino, en reconocimiento y homenaje permanente al sacrificio por la Patria y la Libertad que prest\u00f3 el ni\u00f1o Pedro R\u00edos en el mencionado combate. Parti\u00f3 de la localidad correntina de Concepci\u00f3n del Yaguaret\u00e9 Cor\u00e1 hacia el Paraguay, bajo las \u00f3rdenes del general Manuel Belgrano.<\/p>\n\n\n\n<figure class=\"wp-block-image size-full\"><img loading=\"lazy\" decoding=\"async\" width=\"794\" height=\"795\" src=\"https:\/\/corrientesdetarde.com\/wp-content\/uploads\/2023\/03\/Captura-de-pantalla-2023-03-09-083911-1.png\" alt=\"\" class=\"wp-image-45942\" srcset=\"https:\/\/corrientesdetarde.com\/wp-content\/uploads\/2023\/03\/Captura-de-pantalla-2023-03-09-083911-1.png 794w, https:\/\/corrientesdetarde.com\/wp-content\/uploads\/2023\/03\/Captura-de-pantalla-2023-03-09-083911-1-300x300.png 300w, https:\/\/corrientesdetarde.com\/wp-content\/uploads\/2023\/03\/Captura-de-pantalla-2023-03-09-083911-1-150x150.png 150w, https:\/\/corrientesdetarde.com\/wp-content\/uploads\/2023\/03\/Captura-de-pantalla-2023-03-09-083911-1-768x769.png 768w, https:\/\/corrientesdetarde.com\/wp-content\/uploads\/2023\/03\/Captura-de-pantalla-2023-03-09-083911-1-375x375.png 375w\" sizes=\"auto, (max-width: 794px) 100vw, 794px\" \/><\/figure>\n\n\n\n<p><strong>El ni\u00f1o Pedro R\u00edos naci\u00f3 en 1798 en Yaguaret\u00e9 Cor\u00e1,&nbsp;en lo que hoy se llama Concepci\u00f3n del Yaguaret\u00e9 Cor\u00e1,<\/strong>&nbsp;nominaci\u00f3n que se recuper\u00f3 tambi\u00e9n por autor\u00eda del legislador mencionado.<\/p>\n\n\n\n<p>A fines de 1810 pas\u00f3 por all\u00ed Manuel Belgrano con su reducido ej\u00e9rcito, rumbo al Paraguay.<\/p>\n\n\n\n<p>Seg\u00fan Francisco Atenodoro Ben\u00edtez, citado por Enrique Mario Mayochi, Belgrano con alguno de sus oficiales se dirigi\u00f3 al oratorio para rezar ante la imagen de San Francisco de As\u00eds, Patrono del poblado, y que, como se sabe, vivi\u00f3 plenamente su fe cat\u00f3lica y se convirti\u00f3 en testimonio hasta en su propia muerte.<\/p>\n\n\n\n<p>Al salir de la Capilla para visitar la escuelita, fue rodeado por varios paisanos que le pidieron los incorporase al ej\u00e9rcito. Entre ellos estaba&nbsp;el peque\u00f1o Pedro R\u00edos, por entonces de 12 a\u00f1os, quien insist\u00eda en que lo incorporase a su tropa.<\/p>\n\n\n\n<p>Belgrano dud\u00f3 en un principio, pero el padre del ni\u00f1o, Antonio R\u00edos, antiguo maestro rural, le dijo:&nbsp;<strong>&#8220;No s\u00f3lo doy mi consentimiento, sino tambi\u00e9n le ruego que lo acepte, porque yo, con mis 65 a\u00f1os de existencia, soy un hombre anciano, y la entrega de mi hijo es la \u00fanica ofrenda que puedo hacer a la Patria&#8221;.<\/strong><\/p>\n\n\n\n<p>En el ej\u00e9rcito de Belgrano hab\u00eda un comandante cuya visi\u00f3n estaba muy disminuida, quien pidi\u00f3 al General que aceptara al ni\u00f1o para que le sirviese de gu\u00eda. Y as\u00ed ocurri\u00f3.<\/p>\n\n\n\n<figure class=\"wp-block-image\"><a href=\"https:\/\/www.radiosudamericana.com\/notix\/multimedia\/imagenes\/fotos\/2023-03-09\/976880.jpg\"><img decoding=\"async\" src=\"https:\/\/www.radiosudamericana.com\/notix\/multimedia\/imagenes\/fotos\/2023-03-09\/976880.jpg_nota.jpg\" alt=\"\"\/><\/a><\/figure>\n\n\n\n<p>Cuando llegaron al Paraguay, los patriotas debieron enfrentar la resistencia del gobernador Bernardo de Velazco. La primera batalla tuvo lugar en Paraguar\u00ed, donde&nbsp;<strong>Pedrito tom\u00f3 a su cargo el tambor cuando el encargado del redoble de aliento ocup\u00f3 un lugar como soldado.<\/strong><\/p>\n\n\n\n<p><strong>El 9 de marzo de 1811<\/strong>&nbsp;se desarroll\u00f3 el duro combate de Tacuar\u00ed. Belgrano, con 250 hombres, debi\u00f3 enfrentar a 2.000. Siete horas duraron las acciones.<\/p>\n\n\n\n<p><strong>Pedrito, redoblando con los palillos el parche de su tambor, alentaba a los soldados de la Junta de Buenos Aires hasta que dos balas de fusil pusieron fin a su vida.<\/strong><\/p>\n\n\n\n<p>El ni\u00f1o conocido con el nombre de &#8220;tambor de Tacuar\u00ed&#8221; es el s\u00edmbolo del hero\u00edsmo de la ni\u00f1ez en las gestas de la Patria. En los calendarios escolares, cada 9 de marzo se conmemora el d\u00eda de recordaci\u00f3n del ni\u00f1o h\u00e9roe y del ni\u00f1o correntino.<\/p>\n\n\n\n<p><strong>Invitaci\u00f3n a charla:<\/strong><\/p>\n\n\n\n<figure class=\"wp-block-image size-full\"><img loading=\"lazy\" decoding=\"async\" width=\"402\" height=\"718\" src=\"https:\/\/corrientesdetarde.com\/wp-content\/uploads\/2023\/03\/Captura-de-pantalla-2023-03-09-090155.png\" alt=\"\" class=\"wp-image-45940\" srcset=\"https:\/\/corrientesdetarde.com\/wp-content\/uploads\/2023\/03\/Captura-de-pantalla-2023-03-09-090155.png 402w, https:\/\/corrientesdetarde.com\/wp-content\/uploads\/2023\/03\/Captura-de-pantalla-2023-03-09-090155-168x300.png 168w\" sizes=\"auto, (max-width: 402px) 100vw, 402px\" \/><\/figure>\n","protected":false},"excerpt":{"rendered":"<p>A trav\u00e9s de la Ley N\u00b0 5.988, sancionada en 2011, en el marco de los 200 a\u00f1os de la batalla de Tacuar\u00ed, se instituy\u00f3 el 9 de Marzo como D\u00eda&hellip; <\/p>\n","protected":false},"author":4,"featured_media":45939,"comment_status":"closed","ping_status":"open","sticky":false,"template":"","format":"standard","meta":{"footnotes":""},"categories":[8],"tags":[],"class_list":["post-45929","post","type-post","status-publish","format-standard","has-post-thumbnail","hentry","category-locales"],"_links":{"self":[{"href":"https:\/\/corrientesdetarde.com\/index.php\/wp-json\/wp\/v2\/posts\/45929","targetHints":{"allow":["GET"]}}],"collection":[{"href":"https:\/\/corrientesdetarde.com\/index.php\/wp-json\/wp\/v2\/posts"}],"about":[{"href":"https:\/\/corrientesdetarde.com\/index.php\/wp-json\/wp\/v2\/types\/post"}],"author":[{"embeddable":true,"href":"https:\/\/corrientesdetarde.com\/index.php\/wp-json\/wp\/v2\/users\/4"}],"replies":[{"embeddable":true,"href":"https:\/\/corrientesdetarde.com\/index.php\/wp-json\/wp\/v2\/comments?post=45929"}],"version-history":[{"count":2,"href":"https:\/\/corrientesdetarde.com\/index.php\/wp-json\/wp\/v2\/posts\/45929\/revisions"}],"predecessor-version":[{"id":45944,"href":"https:\/\/corrientesdetarde.com\/index.php\/wp-json\/wp\/v2\/posts\/45929\/revisions\/45944"}],"wp:featuredmedia":[{"embeddable":true,"href":"https:\/\/corrientesdetarde.com\/index.php\/wp-json\/wp\/v2\/media\/45939"}],"wp:attachment":[{"href":"https:\/\/corrientesdetarde.com\/index.php\/wp-json\/wp\/v2\/media?parent=45929"}],"wp:term":[{"taxonomy":"category","embeddable":true,"href":"https:\/\/corrientesdetarde.com\/index.php\/wp-json\/wp\/v2\/categories?post=45929"},{"taxonomy":"post_tag","embeddable":true,"href":"https:\/\/corrientesdetarde.com\/index.php\/wp-json\/wp\/v2\/tags?post=45929"}],"curies":[{"name":"wp","href":"https:\/\/api.w.org\/{rel}","templated":true}]}}