{"id":45956,"date":"2023-03-09T09:42:47","date_gmt":"2023-03-09T12:42:47","guid":{"rendered":"https:\/\/corrientesdetarde.com\/?p=45956"},"modified":"2023-03-09T09:42:50","modified_gmt":"2023-03-09T12:42:50","slug":"el-parana-esta-a-la-baja-otra-vez-y-se-normalizaria-en-2024","status":"publish","type":"post","link":"https:\/\/corrientesdetarde.com\/index.php\/informacion-general\/el-parana-esta-a-la-baja-otra-vez-y-se-normalizaria-en-2024\/","title":{"rendered":"El Paran\u00e1 esta a la baja otra vez y se normalizar\u00eda en 2024"},"content":{"rendered":"\n<p>Para el fin de semana podr\u00eda volver a habilitarse el ingreso a la playa Malvinas I tras la tendencia que se marca. Desde la UNNE aseguraron que la bajante extrema concluy\u00f3 e inici\u00f3 un per\u00edodo de recuperaci\u00f3n.<\/p>\n\n\n\n<p>El nivel del r\u00edo Paran\u00e1 comenz\u00f3 a descender ayer en la costa correntina tras tres semanas de una tendencia en ascenso, que lleg\u00f3 ayer a los 5,50 metros en el puerto local.<\/p>\n\n\n\n<p>Un especialista de la UNNE afirm\u00f3 que, luego de tres a\u00f1os de bajante, para inicios de 2024 volver\u00e1 a sus par\u00e1metros normales.<\/p>\n\n\n\n<p>Tal como hab\u00eda pronosticado desde el Instituto Nacional del Agua (INA), el cauce que rodea el Este y Sur de la geograf\u00eda provincial inici\u00f3 su descenso. Y para el fin de semana, podr\u00edan volver a habilitar la playa Malvinas I que fue cerrada este lunes.<\/p>\n\n\n\n<p>El hidr\u00f3metro de Prefectura Naval en el Puerto de Corrientes registr\u00f3 ayer una &#8220;tendencia a la baja&#8221; y midi\u00f3 5,42 metros en horas de la noche. Por su parte, el INA prev\u00e9 para el 14 de febrero una altura de 4,38 metros y para el 21 de marzo llegar\u00eda a 3,93 metros.<\/p>\n\n\n\n<p>Sobre una tendencia a futuro, el ingeniero en Recursos H\u00eddricos y docente de la Universidad Nacional del Nordeste, Hugo Rohrmann, se\u00f1al\u00f3 que tras la crecida el r\u00edo volver\u00e1 a descender pero que la bajante que registra desde hace tiempo se terminar\u00e1 este a\u00f1o. &#8220;El r\u00edo ha tenido una crecida en febrero y marzo producto de precipitaciones que se dieron en la parte brasile\u00f1a de la cuenca del Paran\u00e1&#8221;, explic\u00f3.<\/p>\n\n\n\n<p>Sobre la evoluci\u00f3n del cauce asegur\u00f3 que hay claras &#8220;se\u00f1ales de normalizaci\u00f3n&#8221;, espec\u00edficamente en el clima. &#8220;Es un a\u00f1o de transici\u00f3n y en 2024 va a estar totalmente normalizado&#8221;, vaticin\u00f3.<\/p>\n\n\n\n<p>Especialistas internacionales avizoran que el fen\u00f3meno de El Ni\u00f1o (provoca altas temperaturas en el pac\u00edfico ecuatorial y abundantes precipitaciones en Sudam\u00e9rica) comenzar\u00e1 en el pr\u00f3ximo verano. El Municipio de Piura, en Per\u00fa, ya alista obras para las defensas costeras ante el ingreso de un per\u00edodo de abundantes precipitaciones.<\/p>\n","protected":false},"excerpt":{"rendered":"<p>Para el fin de semana podr\u00eda volver a habilitarse el ingreso a la playa Malvinas I tras la tendencia que se marca. Desde la UNNE aseguraron que la bajante extrema&hellip; <\/p>\n","protected":false},"author":4,"featured_media":45957,"comment_status":"closed","ping_status":"open","sticky":false,"template":"","format":"standard","meta":{"footnotes":""},"categories":[1],"tags":[],"class_list":["post-45956","post","type-post","status-publish","format-standard","has-post-thumbnail","hentry","category-informacion-general"],"_links":{"self":[{"href":"https:\/\/corrientesdetarde.com\/index.php\/wp-json\/wp\/v2\/posts\/45956","targetHints":{"allow":["GET"]}}],"collection":[{"href":"https:\/\/corrientesdetarde.com\/index.php\/wp-json\/wp\/v2\/posts"}],"about":[{"href":"https:\/\/corrientesdetarde.com\/index.php\/wp-json\/wp\/v2\/types\/post"}],"author":[{"embeddable":true,"href":"https:\/\/corrientesdetarde.com\/index.php\/wp-json\/wp\/v2\/users\/4"}],"replies":[{"embeddable":true,"href":"https:\/\/corrientesdetarde.com\/index.php\/wp-json\/wp\/v2\/comments?post=45956"}],"version-history":[{"count":1,"href":"https:\/\/corrientesdetarde.com\/index.php\/wp-json\/wp\/v2\/posts\/45956\/revisions"}],"predecessor-version":[{"id":45958,"href":"https:\/\/corrientesdetarde.com\/index.php\/wp-json\/wp\/v2\/posts\/45956\/revisions\/45958"}],"wp:featuredmedia":[{"embeddable":true,"href":"https:\/\/corrientesdetarde.com\/index.php\/wp-json\/wp\/v2\/media\/45957"}],"wp:attachment":[{"href":"https:\/\/corrientesdetarde.com\/index.php\/wp-json\/wp\/v2\/media?parent=45956"}],"wp:term":[{"taxonomy":"category","embeddable":true,"href":"https:\/\/corrientesdetarde.com\/index.php\/wp-json\/wp\/v2\/categories?post=45956"},{"taxonomy":"post_tag","embeddable":true,"href":"https:\/\/corrientesdetarde.com\/index.php\/wp-json\/wp\/v2\/tags?post=45956"}],"curies":[{"name":"wp","href":"https:\/\/api.w.org\/{rel}","templated":true}]}}