{"id":45965,"date":"2023-03-09T09:58:42","date_gmt":"2023-03-09T12:58:42","guid":{"rendered":"https:\/\/corrientesdetarde.com\/?p=45965"},"modified":"2023-03-09T09:58:51","modified_gmt":"2023-03-09T12:58:51","slug":"la-provincia-presentara-la-obra-boceto-de-antonio-berni","status":"publish","type":"post","link":"https:\/\/corrientesdetarde.com\/index.php\/cultura\/la-provincia-presentara-la-obra-boceto-de-antonio-berni\/","title":{"rendered":"La Provincia presentar\u00e1 la obra \u201cBoceto\u201d, de Antonio Berni"},"content":{"rendered":"\n<p>El Gobierno provincial, a trav\u00e9s del Instituto de Cultura de Corrientes, presentar\u00e1 este 13 de marzo, en el Sal\u00f3n Amarillo, la obra &#8220;Boceto&#8221;, del artista argentino Antonio Berni. El acto tendr\u00e1 lugar desde las 19.&nbsp;En el marco del mismo, se brindar\u00e1n sendas conferencias, a cargo de la directora Nacional de Patrimonio, Mar\u00eda Isabel Baldasarre, y el historiador y cr\u00edtico de arte, Julio S\u00e1nchez Baroni.<\/p>\n\n\n\n<p>Dicha obra fue recientemente adquirida por la Provincia en la Feria internacional ARTEBA, en su \u00faltima edici\u00f3n 2022, a trav\u00e9s del Programa de Adquisici\u00f3n de Obras para Museos, y la misma pasar\u00e1 a integrar las colecciones del Museo Provincial de Bellas Artes &#8220;Dr.Juan R.Vidal&#8221;.<\/p>\n\n\n\n<p>Cabe remarcar que para esta acci\u00f3n, fue fundamental, adem\u00e1s,\u00a0 el mecenazgo de la Fundaci\u00f3n\u00a0 ARTEBA, la intervenci\u00f3n de personalidades de la cultura nacional y empresarios.<\/p>\n\n\n\n<figure class=\"wp-block-image size-large\"><img loading=\"lazy\" decoding=\"async\" width=\"1024\" height=\"670\" src=\"https:\/\/corrientesdetarde.com\/wp-content\/uploads\/2023\/03\/image-301-1024x670.png\" alt=\"\" class=\"wp-image-45967\" srcset=\"https:\/\/corrientesdetarde.com\/wp-content\/uploads\/2023\/03\/image-301-1024x670.png 1024w, https:\/\/corrientesdetarde.com\/wp-content\/uploads\/2023\/03\/image-301-300x196.png 300w, https:\/\/corrientesdetarde.com\/wp-content\/uploads\/2023\/03\/image-301-768x503.png 768w, https:\/\/corrientesdetarde.com\/wp-content\/uploads\/2023\/03\/image-301.png 1251w\" sizes=\"auto, (max-width: 1024px) 100vw, 1024px\" \/><\/figure>\n","protected":false},"excerpt":{"rendered":"<p>El Gobierno provincial, a trav\u00e9s del Instituto de Cultura de Corrientes, presentar\u00e1 este 13 de marzo, en el Sal\u00f3n Amarillo, la obra &#8220;Boceto&#8221;, del artista argentino Antonio Berni. El acto&hellip; <\/p>\n","protected":false},"author":4,"featured_media":45966,"comment_status":"closed","ping_status":"open","sticky":false,"template":"","format":"standard","meta":{"footnotes":""},"categories":[15],"tags":[],"class_list":["post-45965","post","type-post","status-publish","format-standard","has-post-thumbnail","hentry","category-cultura"],"_links":{"self":[{"href":"https:\/\/corrientesdetarde.com\/index.php\/wp-json\/wp\/v2\/posts\/45965","targetHints":{"allow":["GET"]}}],"collection":[{"href":"https:\/\/corrientesdetarde.com\/index.php\/wp-json\/wp\/v2\/posts"}],"about":[{"href":"https:\/\/corrientesdetarde.com\/index.php\/wp-json\/wp\/v2\/types\/post"}],"author":[{"embeddable":true,"href":"https:\/\/corrientesdetarde.com\/index.php\/wp-json\/wp\/v2\/users\/4"}],"replies":[{"embeddable":true,"href":"https:\/\/corrientesdetarde.com\/index.php\/wp-json\/wp\/v2\/comments?post=45965"}],"version-history":[{"count":2,"href":"https:\/\/corrientesdetarde.com\/index.php\/wp-json\/wp\/v2\/posts\/45965\/revisions"}],"predecessor-version":[{"id":45969,"href":"https:\/\/corrientesdetarde.com\/index.php\/wp-json\/wp\/v2\/posts\/45965\/revisions\/45969"}],"wp:featuredmedia":[{"embeddable":true,"href":"https:\/\/corrientesdetarde.com\/index.php\/wp-json\/wp\/v2\/media\/45966"}],"wp:attachment":[{"href":"https:\/\/corrientesdetarde.com\/index.php\/wp-json\/wp\/v2\/media?parent=45965"}],"wp:term":[{"taxonomy":"category","embeddable":true,"href":"https:\/\/corrientesdetarde.com\/index.php\/wp-json\/wp\/v2\/categories?post=45965"},{"taxonomy":"post_tag","embeddable":true,"href":"https:\/\/corrientesdetarde.com\/index.php\/wp-json\/wp\/v2\/tags?post=45965"}],"curies":[{"name":"wp","href":"https:\/\/api.w.org\/{rel}","templated":true}]}}