{"id":46117,"date":"2023-03-09T18:03:21","date_gmt":"2023-03-09T21:03:21","guid":{"rendered":"https:\/\/corrientesdetarde.com\/?p=46117"},"modified":"2023-03-09T18:03:25","modified_gmt":"2023-03-09T21:03:25","slug":"escandalo-en-el-congreso-de-brasil-un-diputado-bolsonarista-se-puso-una-peluca-y-se-burlo-del-colectivo-trans","status":"publish","type":"post","link":"https:\/\/corrientesdetarde.com\/index.php\/internacionales\/escandalo-en-el-congreso-de-brasil-un-diputado-bolsonarista-se-puso-una-peluca-y-se-burlo-del-colectivo-trans\/","title":{"rendered":"Esc\u00e1ndalo en el congreso de Brasil: un diputado bolsonarista se puso una peluca y se burl\u00f3 del colectivo trans"},"content":{"rendered":"\n<p>Fue denunciado por un grupo parlamentario y distintos organismos de derechos de las personas LGTB+. Lo acusan de \u201ctransfobia\u201d.<\/p>\n\n\n\n<p>Distintas organizaciones de defensa de los derechos de las personas\u00a0<strong>LGBTI+<\/strong>\u00a0y un grupo de parlamentarios presentaron este jueves dos denuncias por el delito de transfobia contra el diputado\u00a0<strong>Nikolas Ferreira<\/strong>, el legislador m\u00e1s votado de\u00a0Brasil, que se burl\u00f3 del colectivo trans al hablar en el Congreso con una peluca rubia.<\/p>\n\n\n\n<p>\u201c<strong>Me siento una mujer<\/strong>. Las mujeres est\u00e1n perdiendo su espacio ante los hombres que se sienten mujeres\u201d, ironiz\u00f3 el legislador en un discurso pronunciado el mi\u00e9rcoles en ocasi\u00f3n del\u00a0D\u00eda Internacional de la Mujer.<\/p>\n\n\n\n<p>En las denuncias ante la Corte Suprema, los demandantes acusaron al parlamentario del derechista Partido Liberal (PL) y aliado del expresidente\u00a0Jair Bolsonaro\u00a0de haber ofendido a las mujeres transg\u00e9nero y travestis, inform\u00f3 el propio Supremo Tribunal Federal en un comunicado.<\/p>\n\n\n\n<h2 class=\"wp-block-heading\">Qu\u00e9 dijo el diputado aliado de Bolsonaro que ridiculiz\u00f3 a la poblaci\u00f3n trans<\/h2>\n\n\n\n<p>Ferreira sorprendi\u00f3 a sus colegas en la C\u00e1mara de Diputados al ingresar al recinto con una peluca rubia en su cabeza. Al hablar en el acto por el D\u00eda Internacional de la Mujer, el legislador afirm\u00f3: \u201cHoy me siento mujer, diputada Nikole, y tengo algo muy interesante de que hablar. Las mujeres est\u00e1n perdiendo su espacio para los hombres que se sienten mujeres\u201d.<\/p>\n\n\n\n<figure class=\"wp-block-image size-large\"><img loading=\"lazy\" decoding=\"async\" width=\"1024\" height=\"576\" src=\"https:\/\/corrientesdetarde.com\/wp-content\/uploads\/2023\/03\/image-317-1024x576.png\" alt=\"\" class=\"wp-image-46119\" srcset=\"https:\/\/corrientesdetarde.com\/wp-content\/uploads\/2023\/03\/image-317-1024x576.png 1024w, https:\/\/corrientesdetarde.com\/wp-content\/uploads\/2023\/03\/image-317-300x169.png 300w, https:\/\/corrientesdetarde.com\/wp-content\/uploads\/2023\/03\/image-317-768x432.png 768w, https:\/\/corrientesdetarde.com\/wp-content\/uploads\/2023\/03\/image-317.png 1440w\" sizes=\"auto, (max-width: 1024px) 100vw, 1024px\" \/><\/figure>\n\n\n\n<p>Adem\u00e1s, dijo que las personas que defienden el derecho del colectivo trans \u201cest\u00e1n queriendo colocar una imposici\u00f3n de la realidad que no es la realidad\u201d.<\/p>\n\n\n\n<p>\u201cO usted concuerda con los que ellos est\u00e1n diciendo o, en caso contrario,&nbsp;<strong>usted es un transf\u00f3bico, homof\u00f3bico y preconceptuoso<\/strong>\u201d, se\u00f1al\u00f3. Tambi\u00e9n defendi\u00f3 lo que consider\u00f3 el derecho de negarle la entrada de una mujer trans a un ba\u00f1o femenino para \u201cproteger a su hija\u201d sin ser considerado transf\u00f3bico.<\/p>\n\n\n\n<h2 class=\"wp-block-heading\">Fuertes cuestionamientos al diputado brasile\u00f1o que se mof\u00f3 del colectivo trans<\/h2>\n\n\n\n<p>Ferreira se convirti\u00f3 en blanco de ataques de grupos de defensa de derechos humanos tras su discurso en el Congreso.<\/p>\n\n\n\n<p>Para la Alianza Nacional LGBTI+ y la Asociaci\u00f3n Brasile\u00f1a de Familias Homotransafectivas, autoras de una de las denuncias, el pronunciamiento del diputado constituye \u201cdiscurso de odio\u201d porque asocia a las mujeres transg\u00e9nero\u00a0<strong>\u201ccon una amenaza que tiene que ser combatida\u201d.<\/strong><\/p>\n\n\n\n<p>Las entidades alegaron que este tipo de discurso amenaza la integridad f\u00edsica de la poblaci\u00f3n LGBTI y recordaron los elevados \u00edndices de violencia contra estos colectivos en el pa\u00eds.<\/p>\n\n\n\n<h2 class=\"wp-block-heading\">Crece el delito de transfobia en Brasil<\/h2>\n\n\n\n<p>Brasil, que tipific\u00f3 el delito de transfobia en 2019, se mantuvo en 2022 por decimocuarto a\u00f1o consecutivo como el pa\u00eds en que m\u00e1s se asesinan transexuales y travestis.<\/p>\n\n\n\n<p>La otra denuncia, presentada por un grupo de 14 parlamentarios encabezados por las izquierdistas\u00a0<strong>\u00c9rika Hilton<\/strong>\u00a0y\u00a0<strong>Duda Salabert<\/strong>, las primeras transexuales en llegar al Congreso, los legisladores acusaron a Ferreira por humillar a un funcionario por su opci\u00f3n de g\u00e9nero y amenazar con el uso de la violencia los derechos pol\u00edticos de alguien en raz\u00f3n a su sexo.<\/p>\n\n\n\n<p>Por el fuero parlamentario, el diputado solo puede ser investigado por la Corte Suprema por delitos cometidos en el ejercicio de su mandato. Ferreira, que recibi\u00f3 1,5 millones de votos, fue el diputado m\u00e1s votado en Brasil en las legislativas de octubre pasado.<\/p>\n","protected":false},"excerpt":{"rendered":"<p>Fue denunciado por un grupo parlamentario y distintos organismos de derechos de las personas LGTB+. Lo acusan de \u201ctransfobia\u201d. Distintas organizaciones de defensa de los derechos de las personas\u00a0LGBTI+\u00a0y un&hellip; <\/p>\n","protected":false},"author":8,"featured_media":46118,"comment_status":"closed","ping_status":"open","sticky":false,"template":"","format":"standard","meta":{"footnotes":""},"categories":[11],"tags":[],"class_list":["post-46117","post","type-post","status-publish","format-standard","has-post-thumbnail","hentry","category-internacionales"],"_links":{"self":[{"href":"https:\/\/corrientesdetarde.com\/index.php\/wp-json\/wp\/v2\/posts\/46117","targetHints":{"allow":["GET"]}}],"collection":[{"href":"https:\/\/corrientesdetarde.com\/index.php\/wp-json\/wp\/v2\/posts"}],"about":[{"href":"https:\/\/corrientesdetarde.com\/index.php\/wp-json\/wp\/v2\/types\/post"}],"author":[{"embeddable":true,"href":"https:\/\/corrientesdetarde.com\/index.php\/wp-json\/wp\/v2\/users\/8"}],"replies":[{"embeddable":true,"href":"https:\/\/corrientesdetarde.com\/index.php\/wp-json\/wp\/v2\/comments?post=46117"}],"version-history":[{"count":1,"href":"https:\/\/corrientesdetarde.com\/index.php\/wp-json\/wp\/v2\/posts\/46117\/revisions"}],"predecessor-version":[{"id":46120,"href":"https:\/\/corrientesdetarde.com\/index.php\/wp-json\/wp\/v2\/posts\/46117\/revisions\/46120"}],"wp:featuredmedia":[{"embeddable":true,"href":"https:\/\/corrientesdetarde.com\/index.php\/wp-json\/wp\/v2\/media\/46118"}],"wp:attachment":[{"href":"https:\/\/corrientesdetarde.com\/index.php\/wp-json\/wp\/v2\/media?parent=46117"}],"wp:term":[{"taxonomy":"category","embeddable":true,"href":"https:\/\/corrientesdetarde.com\/index.php\/wp-json\/wp\/v2\/categories?post=46117"},{"taxonomy":"post_tag","embeddable":true,"href":"https:\/\/corrientesdetarde.com\/index.php\/wp-json\/wp\/v2\/tags?post=46117"}],"curies":[{"name":"wp","href":"https:\/\/api.w.org\/{rel}","templated":true}]}}