{"id":46201,"date":"2023-03-10T08:37:00","date_gmt":"2023-03-10T11:37:00","guid":{"rendered":"https:\/\/corrientesdetarde.com\/?p=46201"},"modified":"2023-03-10T08:40:57","modified_gmt":"2023-03-10T11:40:57","slug":"por-incendios-las-perdidas-se-a-aproximan-a-mas-de-52-000-millones-en-el-sector-forestal-correntino","status":"publish","type":"post","link":"https:\/\/corrientesdetarde.com\/index.php\/locales\/por-incendios-las-perdidas-se-a-aproximan-a-mas-de-52-000-millones-en-el-sector-forestal-correntino\/","title":{"rendered":"incendios: las p\u00e9rdidas se a aproximan\u00a0 a m\u00e1s de $52.000 millones en el sector forestal correntino"},"content":{"rendered":"\n<p>De acuerdo con un relevamiento de la Regional Corrientes de la entidad, en los primeros meses del 2023 las p\u00e9rdidas econ\u00f3micas ser\u00edan por consecuencia del d\u00e9ficit h\u00eddrico y los incendios.<\/p>\n\n\n\n<p>Seg\u00fan un informe de la Asociaci\u00f3n Forestal Argentina (AFoA) &#8211; Regional Corrientes debido a las condiciones clim\u00e1ticas &#8220;las p\u00e9rdidas maderables suman un total de 49,6 mil millones de pesos, teniendo en cuenta p\u00e9rdidas por incendios ($1.2 mil millones), de mortandad de plantas por stress ($40.4 mil millones) y por disminuci\u00f3n de crecimiento ($8 mil millones)&#8221;.<\/p>\n\n\n\n<p>Las superficies de plantaciones incendiadas de este a\u00f1o, sumado a la zona que muestra alg\u00fan da\u00f1o por sequ\u00eda (35.045 hect\u00e1reas de bosques cultivados, seg\u00fan informe INTA), representar\u00edan el 8% del terreno forestal provincial.<\/p>\n\n\n\n<p>&#8220;Si incluimos la superficie afectada en el per\u00edodo anterior, acumulan el 14% de dicho total. Solamente el costo de reposici\u00f3n de las plantaciones incendiadas en 2023 suma 451 millones de pesos&#8221;, detallaron en el informe de la AFoA Corrientes.<\/p>\n\n\n\n<p>Referido al sector de resina, las p\u00e9rdidas econ\u00f3micas por incendios en lo que va del 2023 alcanzan los $615 millones de pesos, a lo que se le debe sumar las p\u00e9rdidas de $1,9 mil millones originadas por la disminuci\u00f3n en la calidad de la madera.<\/p>\n\n\n\n<figure class=\"wp-block-image\"><img decoding=\"async\" src=\"https:\/\/www.lt7noticias.com\/content\/bucket\/1\/43391w770h433c.jpg.webp\" alt=\"\"\/><\/figure>\n","protected":false},"excerpt":{"rendered":"<p>De acuerdo con un relevamiento de la Regional Corrientes de la entidad, en los primeros meses del 2023 las p\u00e9rdidas econ\u00f3micas ser\u00edan por consecuencia del d\u00e9ficit h\u00eddrico y los incendios.&hellip; <\/p>\n","protected":false},"author":4,"featured_media":46207,"comment_status":"closed","ping_status":"open","sticky":false,"template":"","format":"standard","meta":{"footnotes":""},"categories":[8],"tags":[],"class_list":["post-46201","post","type-post","status-publish","format-standard","has-post-thumbnail","hentry","category-locales"],"_links":{"self":[{"href":"https:\/\/corrientesdetarde.com\/index.php\/wp-json\/wp\/v2\/posts\/46201","targetHints":{"allow":["GET"]}}],"collection":[{"href":"https:\/\/corrientesdetarde.com\/index.php\/wp-json\/wp\/v2\/posts"}],"about":[{"href":"https:\/\/corrientesdetarde.com\/index.php\/wp-json\/wp\/v2\/types\/post"}],"author":[{"embeddable":true,"href":"https:\/\/corrientesdetarde.com\/index.php\/wp-json\/wp\/v2\/users\/4"}],"replies":[{"embeddable":true,"href":"https:\/\/corrientesdetarde.com\/index.php\/wp-json\/wp\/v2\/comments?post=46201"}],"version-history":[{"count":2,"href":"https:\/\/corrientesdetarde.com\/index.php\/wp-json\/wp\/v2\/posts\/46201\/revisions"}],"predecessor-version":[{"id":46209,"href":"https:\/\/corrientesdetarde.com\/index.php\/wp-json\/wp\/v2\/posts\/46201\/revisions\/46209"}],"wp:featuredmedia":[{"embeddable":true,"href":"https:\/\/corrientesdetarde.com\/index.php\/wp-json\/wp\/v2\/media\/46207"}],"wp:attachment":[{"href":"https:\/\/corrientesdetarde.com\/index.php\/wp-json\/wp\/v2\/media?parent=46201"}],"wp:term":[{"taxonomy":"category","embeddable":true,"href":"https:\/\/corrientesdetarde.com\/index.php\/wp-json\/wp\/v2\/categories?post=46201"},{"taxonomy":"post_tag","embeddable":true,"href":"https:\/\/corrientesdetarde.com\/index.php\/wp-json\/wp\/v2\/tags?post=46201"}],"curies":[{"name":"wp","href":"https:\/\/api.w.org\/{rel}","templated":true}]}}