{"id":47034,"date":"2023-03-14T06:45:49","date_gmt":"2023-03-14T09:45:49","guid":{"rendered":"https:\/\/corrientesdetarde.com\/?p=47034"},"modified":"2023-03-14T06:45:54","modified_gmt":"2023-03-14T09:45:54","slug":"condenaron-a-prision-perpetua-al-autor-del-atentado-terrorista-de-nueva-york-en-el-que-murieron-cinco-argentinos","status":"publish","type":"post","link":"https:\/\/corrientesdetarde.com\/index.php\/internacionales\/condenaron-a-prision-perpetua-al-autor-del-atentado-terrorista-de-nueva-york-en-el-que-murieron-cinco-argentinos\/","title":{"rendered":"<strong>Condenaron a prisi\u00f3n perpetua al autor del atentado terrorista de Nueva York en el que murieron cinco argentinos<\/strong>"},"content":{"rendered":"\n<p>El jurado que deb\u00eda decidir la pena de Sayfullo Saipov no alcanz\u00f3 la unanimidad para aplicar la pena de muerte<\/p>\n\n\n\n<p>El jurado que deb\u00eda definir qu\u00e9 castigo se le aplicaba a&nbsp;<strong>Sayfullo Saipov,<\/strong>&nbsp;el autor del atentado terrorista en el que fueron asesinados cinco argentinos el 31 de octubre de 2017 en Nueva York, no se puso de acuerdo y eso deriv\u00f3 en una&nbsp;<strong>condena a prisi\u00f3n perpetua<\/strong>&nbsp;sin libertad condicional.&nbsp;<strong>El jurado no consigui\u00f3 una decisi\u00f3n un\u00e1nime para condenarlo a la pena de muerte&nbsp;<\/strong>y fue por ello que pasar\u00e1 el resto de su vida en prisi\u00f3n y estar\u00e1 durante 22 horas del d\u00eda en su celda.<\/p>\n\n\n\n<p>La fiscal\u00eda hab\u00eda pedido la pena de muerte para el terrorista y la defensa del uzbeco solicit\u00f3 que se lo condene a cadena perpetua a cumplir en la prisi\u00f3n de Florence en el Estado de Colorado, considerada&nbsp;<strong>la c\u00e1rcel m\u00e1s segura de los Estados Unidos.<\/strong>&nbsp;El jurado de doce personas no alcanz\u00f3 la unanimidad respecto de la pena de muerte y por ello la condena ser\u00e1 a prisi\u00f3n perpetua.<\/p>\n\n\n\n<p>Entre las ocho personas asesinadas en el atentado que realiz\u00f3 Saipov murieron&nbsp;<strong>Hern\u00e1n Mendoza, Diego Angelini, Alejandro Pagnucco, Ariel Erlij y Hern\u00e1n Ferrucci<\/strong>, amigos que estaban Nueva York festejando los 30 a\u00f1os de egresados del Colegio Polit\u00e9cnico de Rosario. Los cinco argentinos estaban andando en bicicleta por la ciclov\u00eda paralela al R\u00edo Hudson cuando Saipov los atropell\u00f3 con un cami\u00f3n que hab\u00eda alquilado en Home Depot.<\/p>\n\n\n\n<p>Durante el juicio, que presidi\u00f3 el juez&nbsp;<strong>Vernon Broderick,<\/strong>&nbsp;declar\u00f3 como testigo la agente especial&nbsp;<strong>Joana Maduro,<\/strong>&nbsp;integrante del grupo de Crimen Organizado Transnacional y del Grupo Conjunto Antiterrorista del FBI. Maduro fue la primera persona que hab\u00eda hablado con Saipov luego del atentado del 31 de octubre de 2017. La agente cont\u00f3 que cerca de las 5 de la tarde del d\u00eda del ataque lleg\u00f3 al Hospital Bellevue con la tarea de entrevistar al uzbeco, quien estaba internado tras recibir un disparo cuando fue detenido.<\/p>\n\n\n\n<p>La agente del FBI hab\u00eda declarado que Saipov le dijo que hab\u00eda recibido instrucciones para llevar adelante el atentado el a trav\u00e9s de un video de&nbsp;<strong>Abu Bakr Al Bagdadi<\/strong>,<strong>&nbsp;l\u00edder por ese entonces de la organizaci\u00f3n terrorista ISIS.<\/strong>&nbsp;Asimismo, la agente especial del FBI hab\u00eda relatado que Saipov confes\u00f3 que durante las tres semanas previas al ataque mantuvo conversaciones a trav\u00e9s de la aplicaci\u00f3n Telegram con integrantes de ISIS que estaban en Irak y Siria, adem\u00e1s de ver videos del grupo terrorista.<\/p>\n\n\n\n<p>El atacante tambi\u00e9n le dijo a Maduro que hab\u00eda&nbsp;<strong>planificado el atentado un a\u00f1o antes<\/strong>&nbsp;y que hab\u00eda decidido usar un cami\u00f3n un mes antes. Tambi\u00e9n que hab\u00eda decidido usar un cami\u00f3n porque era m\u00e1s grande y podr\u00eda matar a m\u00e1s personas. Seg\u00fan lo que le cont\u00f3 Saipov a la agente especial Maduro, en un principio&nbsp;<strong>hab\u00eda pensado en realizar el atentado en la neur\u00e1lgica Times Square,<\/strong>&nbsp;pero lo descart\u00f3 porque era muy complejo llegar al lugar y concretar su cometido criminal. Fue por ello que cambi\u00f3 de planes y decidi\u00f3 hacerlo por el West Side de Nueva York.<\/p>\n\n\n\n<p>Al momento de ser detenido, se detect\u00f3 que Saipov llevaba dos pistolas, una de paintball y la otra de perdigones, y cuatro cuchillos que ten\u00eda previsto utilizar si se enfrentaba con la polic\u00eda.<\/p>\n\n\n\n<p>Seg\u00fan lo declarado por la agente del FBI, Saipov le hab\u00eda confesado que el d\u00eda del atentado se prepar\u00f3 y fue a la mezquita para encontrarse con un amigo que lo iba a llevar hasta Home Depot, donde iba a alquilar el cami\u00f3n con el que finalmente atropell\u00f3 y mat\u00f3 a ocho 8 personas. La mezquita est\u00e1 en un terreno lindante con la parte trasera de la casa en la que viv\u00eda Saipov en la ciudad de Paterson en Nueva Jersey,&nbsp;<strong>a una hora de Manhattan<\/strong>. El hoy condenado a prisi\u00f3n perpetua le hab\u00eda dicho a la agente del FBI que luego de atropellar a los turistas -entre ellos los argentinos- en la ciclov\u00eda que est\u00e1 al costado del r\u00edo Hudson intent\u00f3 seguir hasta el puente de Brooklyn para, de ese modo,&nbsp;<strong>provocar m\u00e1s v\u00edctimas.<\/strong>&nbsp;Eso no sucedi\u00f3 porque choc\u00f3 con un bus escolar y el cami\u00f3n dej\u00f3 de andar.<\/p>\n\n\n\n<p><strong>\u201cQuer\u00eda seguir atropellando y matando\u201d<\/strong>, declar\u00f3 la agente que le hab\u00eda dicho Saipov. La fiscal\u00eda consider\u00f3 probado que Saipov<strong>&nbsp;ten\u00eda contacto con ISIS.<\/strong><\/p>\n\n\n\n<p>En enero pasado, Saipov, de 34 a\u00f1os y originario de&nbsp;<strong>Uzbekist\u00e1n<\/strong>, fue hallado culpable de los&nbsp;<strong>28 cargos<\/strong>&nbsp;\u2014entre ellos de asesinato y terrorismo\u2014 por los cuales lleg\u00f3 a juicio. Desde entonces hasta hoy se realizaron varias audiencias y el jurado deb\u00eda deliberar acerca de qu\u00e9 pena imponerle: hoy, al no llegar a un acuerdo qued\u00f3 fijada la pena de prisi\u00f3n perpetua sin posibilidad de excarcelaci\u00f3n.<\/p>\n","protected":false},"excerpt":{"rendered":"<p>El jurado que deb\u00eda decidir la pena de Sayfullo Saipov no alcanz\u00f3 la unanimidad para aplicar la pena de muerte El jurado que deb\u00eda definir qu\u00e9 castigo se le aplicaba&hellip; <\/p>\n","protected":false},"author":7,"featured_media":47035,"comment_status":"closed","ping_status":"open","sticky":false,"template":"","format":"standard","meta":{"footnotes":""},"categories":[11],"tags":[],"class_list":["post-47034","post","type-post","status-publish","format-standard","has-post-thumbnail","hentry","category-internacionales"],"_links":{"self":[{"href":"https:\/\/corrientesdetarde.com\/index.php\/wp-json\/wp\/v2\/posts\/47034","targetHints":{"allow":["GET"]}}],"collection":[{"href":"https:\/\/corrientesdetarde.com\/index.php\/wp-json\/wp\/v2\/posts"}],"about":[{"href":"https:\/\/corrientesdetarde.com\/index.php\/wp-json\/wp\/v2\/types\/post"}],"author":[{"embeddable":true,"href":"https:\/\/corrientesdetarde.com\/index.php\/wp-json\/wp\/v2\/users\/7"}],"replies":[{"embeddable":true,"href":"https:\/\/corrientesdetarde.com\/index.php\/wp-json\/wp\/v2\/comments?post=47034"}],"version-history":[{"count":1,"href":"https:\/\/corrientesdetarde.com\/index.php\/wp-json\/wp\/v2\/posts\/47034\/revisions"}],"predecessor-version":[{"id":47036,"href":"https:\/\/corrientesdetarde.com\/index.php\/wp-json\/wp\/v2\/posts\/47034\/revisions\/47036"}],"wp:featuredmedia":[{"embeddable":true,"href":"https:\/\/corrientesdetarde.com\/index.php\/wp-json\/wp\/v2\/media\/47035"}],"wp:attachment":[{"href":"https:\/\/corrientesdetarde.com\/index.php\/wp-json\/wp\/v2\/media?parent=47034"}],"wp:term":[{"taxonomy":"category","embeddable":true,"href":"https:\/\/corrientesdetarde.com\/index.php\/wp-json\/wp\/v2\/categories?post=47034"},{"taxonomy":"post_tag","embeddable":true,"href":"https:\/\/corrientesdetarde.com\/index.php\/wp-json\/wp\/v2\/tags?post=47034"}],"curies":[{"name":"wp","href":"https:\/\/api.w.org\/{rel}","templated":true}]}}