{"id":47037,"date":"2023-03-14T06:48:48","date_gmt":"2023-03-14T09:48:48","guid":{"rendered":"https:\/\/corrientesdetarde.com\/?p=47037"},"modified":"2023-03-14T06:48:52","modified_gmt":"2023-03-14T09:48:52","slug":"la-campora-critico-las-nuevas-metas-del-acuerdo-con-el-fmi-la-democracia-bien-gracias","status":"publish","type":"post","link":"https:\/\/corrientesdetarde.com\/index.php\/nacionales\/la-campora-critico-las-nuevas-metas-del-acuerdo-con-el-fmi-la-democracia-bien-gracias\/","title":{"rendered":"<strong>La C\u00e1mpora critic\u00f3 las nuevas metas del acuerdo con el FMI: \u201c\u00bfLa democracia? Bien, gracias\u201d<\/strong>"},"content":{"rendered":"\n<p>En un comunicado, la agrupaci\u00f3n que lidera M\u00e1ximo Kirchner fustig\u00f3 el acuerdo anunciado hoy entre el Gobierno y el organismo multilateral de cr\u00e9dito<\/p>\n\n\n\n<p>El FMI y el Gobierno anunciaron hoy una flexibilizaci\u00f3n en las metas del acuerdo firmado en 2022 que, por la sequ\u00eda, incluye una exigencia menor de acumulaci\u00f3n de reservas en el Banco Central y un nuevo desembolso para la Argentina.<\/p>\n\n\n\n<p>Ante esto, desde La C\u00e1mpora salieron con duras cr\u00edticas a lo negociado entre Sergio Massa y Kristalina Georgieva, aunque sin nombrar al ministro de Econom\u00eda: \u201cEl comunicado de prensa del FMI deja en claro que, voten lo que voten los argentinos y las argentinas, la econom\u00eda del pa\u00eds la decide el Fondo.&nbsp;<strong>\u00bfLa democracia? Bien, gracias\u201d.<\/strong><\/p>\n\n\n\n<p>Tanto la organizaci\u00f3n ultra kirchnerista comoel entorno del l\u00edder del Frente Renovador hicieron la misma lectura y aclararon a<strong>&nbsp;Infobae<\/strong>&nbsp;que las declaraciones&nbsp;<strong>no son contra la gesti\u00f3n del Palacio de Hacienda<\/strong>&nbsp;sino exclusivamente contra el organismo multilateral de cr\u00e9dito.<\/p>\n\n\n\n<p>A trav\u00e9s de un texto que publicaron en las redes sociales, la agrupaci\u00f3n que lidera M\u00e1ximo Kirchner sostuvo que \u201cllama la atenci\u00f3n y podr\u00eda ser hasta c\u00f3mico, si no existieran consecuencias negativas\u201d sobre la ciudadan\u00eda, \u201clas ideas que a fuerza de extorsi\u00f3n y carentes de razones se imponen en nuestro pa\u00eds a partir del benepl\u00e1cito dado por el Congreso argentino\u201d.<\/p>\n\n\n\n<p>\u201cEs claro que nada de lo que anunciaran el Fondo Monetario Internacional y&nbsp;<strong>Alberto Fern\u00e1ndez<\/strong>&nbsp;en enero del 2022, con apoyo de&nbsp;<strong>Mauricio Macri<\/strong>,quien felicito al Congreso argentino tras la votaci\u00f3n del acuerdo con la Guerra (en Ucrania) ya iniciada, sucede y suceder\u00e1. Dijo el presidente que ten\u00edamos la soga al cuello y que se hab\u00eda encontrado un camino \u00bfEste es el camino?\u201d, se pregunt\u00f3 la organizaci\u00f3n.<\/p>\n\n\n\n<p>Al respecto, La C\u00e1mpora asegur\u00f3 que \u201cqueda claro que el acuerdo es inflacionario\u201d, por lo que se pregunt\u00f3 si \u201cla morfina para que el pueblo soporte inicialmente el acuerdo\u201d es el aumento de los precios.<\/p>\n\n\n\n<p>\u201cTan caros como ineficientes, los t\u00e9cnicos del FMI hablan ahora de \u2018una situaci\u00f3n imprevista\u2019. Ser\u00eda bueno que nos explique Kristalina Georgieva, qu\u00e9 entiende el organismo que preside por imprevisto, porque a nuestro modesto entender \u2018lo imprevisto\u2019 tiene que ver con los tiempos\u201d, se remarc\u00f3.<\/p>\n\n\n\n<p>En el duro comunicado, la agrupaci\u00f3n af\u00edn al sector duro del oficialismo record\u00f3 que&nbsp;<strong>73 d\u00edas pasaron&nbsp;<\/strong>entre el \u201cinicio de las conversaciones\u201d entre Macri y los representantes del FMI, y la concreci\u00f3n del pr\u00e9stamo de 50 mil millones de d\u00f3lares, \u201cuna suma extravagante para la propia historia del organismo que representaba m\u00e1s de la mitad de su cartera de pr\u00e9stamos\u201d.<\/p>\n\n\n\n<p>\u201cResulta que ahora el mismo organismo que decidi\u00f3 dar el pr\u00e9stamo m\u00e1s grande de su historia en tan corto tiempo habla de una ley de moratoria \u2018imprevista\u2019 de pensiones para asegurar los objetivos fiscales. Pues bien, \u00bfqu\u00e9 significa \u2019imprevisto\u2019 para la titular del Fondo y sus caros t\u00e9cnicos?\u201d, reiteraron.<\/p>\n\n\n\n<p>En este sentido, La C\u00e1mpora se\u00f1al\u00f3 que el proyecto en cuesti\u00f3n se present\u00f3 el 6 de mayo del 2022 en el Senado de la Naci\u00f3n y el 28 de febrero de 2023 se logr\u00f3 la aprobaci\u00f3n definitiva de esa iniciativa.<\/p>\n\n\n\n<p>\u201cDesde la presentaci\u00f3n del proyecto a su sanci\u00f3n como ley pasan aproximadamente 300 d\u00edas. Le\u00edste bien 300 d\u00edas. O sea, darle a Mauricio Macri \u00a150 mil millones de d\u00f3lares en 73 d\u00edas!, es algo planificado. Pero una ley que beneficia a 800 mil argentinas y argentinos -por un monto bastantes veces menor- que trabajaron y cuya aprobaci\u00f3n llev\u00f3 m\u00e1s de 300 d\u00edas, es algo imprevisto que requiere, en castellano b\u00e1sico: aplicar un ajuste, seg\u00fan indica el propio comunicado del organismo\u201d, cuestion\u00f3 la agrupaci\u00f3n.<\/p>\n\n\n\n<p>Para La C\u00e1mpora, a los representantes del Fondo Monetario \u201cnunca les interes\u00f3 la devoluci\u00f3n del pr\u00e9stamo (o que se invirtiera en Gasoductos o Plantas de GNL, en escuelas o en Hospitales, o en los famosos 3000 jardines que prometi\u00f3 el macrismo), solo quer\u00edan tomar el comando de la econom\u00eda del pa\u00eds de la soja, el trigo, el ma\u00edz, el litio, de Vaca Muerta y las vacas vivas, el oro, y las grandes reservas de agua\u201d.<\/p>\n\n\n\n<p>\u201cQue los argentinos y las argentinas voten lo que quieran, pero la econom\u00eda del pa\u00eds la decide el FMI: eso es lo que deja en claro el Comunicado de hoy.&nbsp;<strong>\u00bfLa democracia? Bien, gracias<\/strong>\u201d, advirtieron, en duros t\u00e9rminos.<\/p>\n\n\n\n<p>Por \u00faltimo, la organizaci\u00f3n consider\u00f3 que, en el caso de que en las pr\u00f3ximas elecciones los ciudadanos voten \u201ca alguien que se les anime\u201d, las autoridades del FMI \u201cno se hacen mucho problema\u201d porque \u201cuentan con el partido judicial, con los grandes medios de comunicaci\u00f3n y con la cobard\u00eda de una parte de la dirigencia argentina que genera las condiciones para que la desobediencia al poder real se pague cara\u201d.<\/p>\n\n\n\n<p>\u201cYa sucedi\u00f3 en Argentina: con el Golpe de \u2018la fusiladora\u2019 en el \u201855, el exilio de Per\u00f3n, la proscripci\u00f3n durante 18 a\u00f1os del peronismo, el genocidio de la Dictadura C\u00edvico Militar iniciada el 24 de marzo de 1976. Ahora&nbsp;<strong>vuelven a intentar suprimir al peronismo en democracia<\/strong>\u201d, opin\u00f3 la agrupaci\u00f3n.<\/p>\n\n\n\n<p>Y cerr\u00f3: \u201cVamos a seguir hablando de este tema -como lo hemos hecho desde el primer d\u00eda- porque cada revisi\u00f3n servir\u00e1 para dejar m\u00e1s en claro cu\u00e1l es el mensaje: Vienen por nuestros recursos y por el futuro de nuestra gente. La historia del Fondo Monetario Internacional siempre es la misma en nuestro pa\u00eds, con deflaci\u00f3n -como le pas\u00f3 a de la R\u00faa- o con inflaci\u00f3n: garantizar la p\u00e9rdida de soberan\u00eda\u201d.<\/p>\n","protected":false},"excerpt":{"rendered":"<p>En un comunicado, la agrupaci\u00f3n que lidera M\u00e1ximo Kirchner fustig\u00f3 el acuerdo anunciado hoy entre el Gobierno y el organismo multilateral de cr\u00e9dito El FMI y el Gobierno anunciaron hoy&hellip; <\/p>\n","protected":false},"author":7,"featured_media":47038,"comment_status":"closed","ping_status":"open","sticky":false,"template":"","format":"standard","meta":{"footnotes":""},"categories":[10],"tags":[],"class_list":["post-47037","post","type-post","status-publish","format-standard","has-post-thumbnail","hentry","category-nacionales"],"_links":{"self":[{"href":"https:\/\/corrientesdetarde.com\/index.php\/wp-json\/wp\/v2\/posts\/47037","targetHints":{"allow":["GET"]}}],"collection":[{"href":"https:\/\/corrientesdetarde.com\/index.php\/wp-json\/wp\/v2\/posts"}],"about":[{"href":"https:\/\/corrientesdetarde.com\/index.php\/wp-json\/wp\/v2\/types\/post"}],"author":[{"embeddable":true,"href":"https:\/\/corrientesdetarde.com\/index.php\/wp-json\/wp\/v2\/users\/7"}],"replies":[{"embeddable":true,"href":"https:\/\/corrientesdetarde.com\/index.php\/wp-json\/wp\/v2\/comments?post=47037"}],"version-history":[{"count":1,"href":"https:\/\/corrientesdetarde.com\/index.php\/wp-json\/wp\/v2\/posts\/47037\/revisions"}],"predecessor-version":[{"id":47039,"href":"https:\/\/corrientesdetarde.com\/index.php\/wp-json\/wp\/v2\/posts\/47037\/revisions\/47039"}],"wp:featuredmedia":[{"embeddable":true,"href":"https:\/\/corrientesdetarde.com\/index.php\/wp-json\/wp\/v2\/media\/47038"}],"wp:attachment":[{"href":"https:\/\/corrientesdetarde.com\/index.php\/wp-json\/wp\/v2\/media?parent=47037"}],"wp:term":[{"taxonomy":"category","embeddable":true,"href":"https:\/\/corrientesdetarde.com\/index.php\/wp-json\/wp\/v2\/categories?post=47037"},{"taxonomy":"post_tag","embeddable":true,"href":"https:\/\/corrientesdetarde.com\/index.php\/wp-json\/wp\/v2\/tags?post=47037"}],"curies":[{"name":"wp","href":"https:\/\/api.w.org\/{rel}","templated":true}]}}